{"id":33611,"date":"2018-05-23T09:47:32","date_gmt":"2018-05-23T12:47:32","guid":{"rendered":"https:\/\/eldiariodesanpedro.com.ar\/sitio\/?p=33611"},"modified":"2018-05-23T09:47:32","modified_gmt":"2018-05-23T12:47:32","slug":"un-hombre-invitaba-a-un-nino-menor-a-subirse-a-su-automovil","status":"publish","type":"post","link":"https:\/\/eldiariodesanpedro.com.ar\/sitio\/un-hombre-invitaba-a-un-nino-menor-a-subirse-a-su-automovil\/","title":{"rendered":"Un hombre invitaba a un ni\u00f1o menor a subirse a su autom\u00f3vil"},"content":{"rendered":"<p><!-- VideographyWP Plugin Message: Automatic video embedding prevented by plugin options. --><br \/>\nEste martes una mujer de 29 a\u00f1os denuncia que entre Rivadavia y Col\u00f3n un hombre que circulaba en un autom\u00f3vil invitaba a su hijo a subirse con el. El ni\u00f1o se dio a la fuga r\u00e1pidamente.<\/p>\n<p>El hecho ocurri\u00f3 pasadas las 15 hs del dia martes cuando un ni\u00f1o de 12 a\u00f1os volv\u00eda caminando de su clase de ingl\u00e9s, en inmediaciones de Rivadavia y Col\u00f3n es interceptado por un hombre al cual asegura no conocer y conduc\u00eda un auto marca Chevrolet color gris, seg\u00fan relat\u00f3 su mam\u00e1, este ciudadano lo invitaba varias veces a subirse al auto.<br \/>\nEl menor al sentirse muy asustado, sali\u00f3 corriendo r\u00e1pidamente hasta llegar a su casa, donde le relata lo que le estaba pasando y se dirigen a comisaria a radicar la denuncia.<br \/>\nEl veh\u00edculo se retir\u00f3 del lugar, huyendo r\u00e1pidamente al ver al ni\u00f1o correr.<\/p>\n<p>Interviene UFI N\u00ba 5 a cargo del Fiscal Dr. Manso quien  dispuso actuaciones de rigor y que se d\u00e9 inmediata intercepci\u00f3n a DDI.<\/p>\n","protected":false},"excerpt":{"rendered":"<p>Este martes una mujer de 29 a\u00f1os denuncia que entre Rivadavia y Col\u00f3n un hombre que circulaba en un autom\u00f3vil invitaba a su hijo a subirse con el. El ni\u00f1o se dio a la fuga r\u00e1pidamente. El hecho ocurri\u00f3 pasadas las 15 hs del dia martes cuando un ni\u00f1o de 12 a\u00f1os volv\u00eda caminando de [&hellip;]<\/p>\n","protected":false},"author":4,"featured_media":16976,"comment_status":"open","ping_status":"closed","sticky":false,"template":"","format":"standard","meta":{"om_disable_all_campaigns":false,"_jetpack_memberships_contains_paid_content":false,"footnotes":""},"categories":[2,103],"tags":[],"class_list":["post-33611","post","type-post","status-publish","format-standard","has-post-thumbnail","hentry","category-locales","category-policiales-locales"],"aioseo_notices":[],"gutentor_comment":0,"jetpack_featured_media_url":"https:\/\/eldiariodesanpedro.com.ar\/sitio\/wp-content\/uploads\/2017\/04\/DSC_0002-e1496323008397.jpg","jetpack_shortlink":"https:\/\/wp.me\/p6RhLt-8K7","jetpack_sharing_enabled":true,"_links":{"self":[{"href":"https:\/\/eldiariodesanpedro.com.ar\/sitio\/wp-json\/wp\/v2\/posts\/33611","targetHints":{"allow":["GET"]}}],"collection":[{"href":"https:\/\/eldiariodesanpedro.com.ar\/sitio\/wp-json\/wp\/v2\/posts"}],"about":[{"href":"https:\/\/eldiariodesanpedro.com.ar\/sitio\/wp-json\/wp\/v2\/types\/post"}],"author":[{"embeddable":true,"href":"https:\/\/eldiariodesanpedro.com.ar\/sitio\/wp-json\/wp\/v2\/users\/4"}],"replies":[{"embeddable":true,"href":"https:\/\/eldiariodesanpedro.com.ar\/sitio\/wp-json\/wp\/v2\/comments?post=33611"}],"version-history":[{"count":1,"href":"https:\/\/eldiariodesanpedro.com.ar\/sitio\/wp-json\/wp\/v2\/posts\/33611\/revisions"}],"predecessor-version":[{"id":33612,"href":"https:\/\/eldiariodesanpedro.com.ar\/sitio\/wp-json\/wp\/v2\/posts\/33611\/revisions\/33612"}],"wp:featuredmedia":[{"embeddable":true,"href":"https:\/\/eldiariodesanpedro.com.ar\/sitio\/wp-json\/wp\/v2\/media\/16976"}],"wp:attachment":[{"href":"https:\/\/eldiariodesanpedro.com.ar\/sitio\/wp-json\/wp\/v2\/media?parent=33611"}],"wp:term":[{"taxonomy":"category","embeddable":true,"href":"https:\/\/eldiariodesanpedro.com.ar\/sitio\/wp-json\/wp\/v2\/categories?post=33611"},{"taxonomy":"post_tag","embeddable":true,"href":"https:\/\/eldiariodesanpedro.com.ar\/sitio\/wp-json\/wp\/v2\/tags?post=33611"}],"curies":[{"name":"wp","href":"https:\/\/api.w.org\/{rel}","templated":true}]}}