{"id":33606,"date":"2018-05-22T20:39:20","date_gmt":"2018-05-22T23:39:20","guid":{"rendered":"https:\/\/eldiariodesanpedro.com.ar\/sitio\/?p=33606"},"modified":"2026-01-24T00:13:34","modified_gmt":"2026-01-24T03:13:34","slug":"futbol-infantil-los-resultados-de-la-octava-fecha-del-apertura-de-la-lif","status":"publish","type":"post","link":"https:\/\/eldiariodesanpedro.com.ar\/sitio\/futbol-infantil-los-resultados-de-la-octava-fecha-del-apertura-de-la-lif\/","title":{"rendered":"F\u00daTBOL INFANTIL: Los resultados de la octava fecha del Apertura de la LIF"},"content":{"rendered":"<p><!-- VideographyWP Plugin Message: Automatic video embedding prevented by plugin options. --><br \/>\nEntre s\u00e1bado y domingo se jug\u00f3 la octava fecha de la Liga Infantil de f\u00fatbol de San Pedro, siendo los resultados los siguientes:<\/p>\n<p>Sportivo &#8211; Rivadavia:<br \/>\n1 &#8211; 5 (2011), 0 &#8211; 0 (2010), 3 &#8211; 1 (2009), 4 &#8211; 2 (2008), 2 &#8211; 0 (2007), 0 &#8211; 0 (2006).<\/p>\n<p>El Tanque &#8211; Villa Igoillo:<br \/>\n0 &#8211; 4 (2011), 1 &#8211; 3 (2010), 0 &#8211; 2 (2009), 3 &#8211; 0 (2008), 1 &#8211; 1 (2007), 2 &#8211; 0 (2006).<\/p>\n<p>Castro FC &#8211; Independencia:<br \/>\n0 &#8211; 2 (2011), 3 &#8211; 0 (2009), 2 &#8211; 1 (2008), 0 &#8211; 2 (2007), 0 &#8211; 4 (2006).<\/p>\n<p>General San Mart\u00edn &#8211; Am\u00e9rica:<br \/>\n7 &#8211; 0 (2011), 4 &#8211; 0 (2010), 5 &#8211; 0 (2009), 1 &#8211; 2 (2008), 2 &#8211; 0 (2007), 8 &#8211; 0 (2006).<\/p>\n<p>Atl\u00e9tico &#8211; Fundici\u00f3n FC<br \/>\n4 &#8211; 2 (2011), 4 &#8211; 1 (2010), 0 &#8211; 1 (2009), 0 &#8211; 1 (2008), 1 &#8211; 3 (2007), 0 &#8211; 2 (2006).<\/p>\n<p>Independiente vs. Agricultores<br \/>\n1 &#8211; 1 (2011), 0 &#8211; 4 (2010), 1 &#8211; 9 (2009), 1 &#8211; 1 (2008), 0 &#8211; 3 (2007), 0 &#8211; 0 (2006).<\/p>\n<p>Mitre &#8211; San Roque<br \/>\n1 &#8211; 0 (2011), 5 &#8211; 1 (2010), 2 &#8211; 0 (2009), 3 &#8211; 2 (2008), 0 &#8211; 0 (2007), 3 &#8211; 0 (2006).<\/p>\n<p>Alsina vs. Def. Unidos<br \/>\n2 &#8211; 0 (2010), 4 &#8211; 0 (2009), 3 &#8211; 0 (2008), 1 &#8211; 2 (2007), 1 &#8211; 3 (2006).<\/p>\n<p>El Porvenir &#8211; Costa Azul<br \/>\n2 &#8211; 0 (2011), 2 &#8211; 0 (2010), 4 &#8211; 0 (2008), 7 &#8211; 0 (2007), 6 &#8211; 1 (2006).<\/p>\n<p>Los Andes &#8211; Pescadores<br \/>\n1 &#8211; 3 (2011), 1 &#8211; 1 (2010), 4 &#8211; 0 (2009), 0 &#8211; 1 (2008), 1 &#8211; 1 (2007), 4 &#8211; 0 (2006).<\/p>\n<p>Paran\u00e1 &#8211; C. C\u00f3rdoba<br \/>\n7 &#8211; 0 (2011), 4 &#8211; 0 (2009), 2 &#8211; 2 (2008), 2 &#8211; 2 (2007), 8 &#8211; 0 (2006).<\/p>\n<p><strong>Pr\u00f3xima fecha (9\u00b0)<\/strong><br \/>\nSan Mart\u00edn-Independiente<br \/>\nSan Roque-Agricultores<br \/>\nAm\u00e9rica-Alsina<br \/>\nVilla Igoillo-Mitre<br \/>\nDef. Unidos-Sportivo<br \/>\nFundici\u00f3n-El Tanque<br \/>\nRivadavia-El Porvenir<br \/>\nPescadores-Atl\u00e9tico<br \/>\nCosta Azul-Paran\u00e1<br \/>\nIndependencia-Los Andes<br \/>\nC. C\u00f3rdoba-Castro FC<\/p>\n","protected":false},"excerpt":{"rendered":"<p>Entre s\u00e1bado y domingo se jug\u00f3 la octava fecha de la Liga Infantil de f\u00fatbol de San Pedro, siendo los resultados los siguientes: Sportivo &#8211; Rivadavia: 1 &#8211; 5 (2011), 0 &#8211; 0 (2010), 3 &#8211; 1 (2009), 4 &#8211; 2 (2008), 2 &#8211; 0 (2007), 0 &#8211; 0 (2006). El Tanque &#8211; Villa Igoillo: [&hellip;]<\/p>\n","protected":false},"author":4,"featured_media":21806,"comment_status":"open","ping_status":"closed","sticky":false,"template":"","format":"standard","meta":{"om_disable_all_campaigns":false,"_jetpack_memberships_contains_paid_content":false,"footnotes":""},"categories":[5],"tags":[],"class_list":["post-33606","post","type-post","status-publish","format-standard","has-post-thumbnail","hentry","category-deportes"],"aioseo_notices":[],"gutentor_comment":0,"jetpack_featured_media_url":"https:\/\/eldiariodesanpedro.com.ar\/sitio\/wp-content\/uploads\/2017\/08\/Liga-Infantil-El-Tanque-y-Pescadores.jpg","jetpack_shortlink":"https:\/\/wp.me\/p6RhLt-8K2","jetpack_sharing_enabled":true,"_links":{"self":[{"href":"https:\/\/eldiariodesanpedro.com.ar\/sitio\/wp-json\/wp\/v2\/posts\/33606","targetHints":{"allow":["GET"]}}],"collection":[{"href":"https:\/\/eldiariodesanpedro.com.ar\/sitio\/wp-json\/wp\/v2\/posts"}],"about":[{"href":"https:\/\/eldiariodesanpedro.com.ar\/sitio\/wp-json\/wp\/v2\/types\/post"}],"author":[{"embeddable":true,"href":"https:\/\/eldiariodesanpedro.com.ar\/sitio\/wp-json\/wp\/v2\/users\/4"}],"replies":[{"embeddable":true,"href":"https:\/\/eldiariodesanpedro.com.ar\/sitio\/wp-json\/wp\/v2\/comments?post=33606"}],"version-history":[{"count":2,"href":"https:\/\/eldiariodesanpedro.com.ar\/sitio\/wp-json\/wp\/v2\/posts\/33606\/revisions"}],"predecessor-version":[{"id":33609,"href":"https:\/\/eldiariodesanpedro.com.ar\/sitio\/wp-json\/wp\/v2\/posts\/33606\/revisions\/33609"}],"wp:featuredmedia":[{"embeddable":true,"href":"https:\/\/eldiariodesanpedro.com.ar\/sitio\/wp-json\/wp\/v2\/media\/21806"}],"wp:attachment":[{"href":"https:\/\/eldiariodesanpedro.com.ar\/sitio\/wp-json\/wp\/v2\/media?parent=33606"}],"wp:term":[{"taxonomy":"category","embeddable":true,"href":"https:\/\/eldiariodesanpedro.com.ar\/sitio\/wp-json\/wp\/v2\/categories?post=33606"},{"taxonomy":"post_tag","embeddable":true,"href":"https:\/\/eldiariodesanpedro.com.ar\/sitio\/wp-json\/wp\/v2\/tags?post=33606"}],"curies":[{"name":"wp","href":"https:\/\/api.w.org\/{rel}","templated":true}]}}