{"id":33599,"date":"2018-05-22T19:57:24","date_gmt":"2018-05-22T22:57:24","guid":{"rendered":"https:\/\/eldiariodesanpedro.com.ar\/sitio\/?p=33599"},"modified":"2018-05-22T19:57:24","modified_gmt":"2018-05-22T22:57:24","slug":"san-nicolas-atraparon-a-uno-de-los-profugos-en-la-causa-que-investiga-la-muerte-del-policia-mauro-maldonado","status":"publish","type":"post","link":"https:\/\/eldiariodesanpedro.com.ar\/sitio\/san-nicolas-atraparon-a-uno-de-los-profugos-en-la-causa-que-investiga-la-muerte-del-policia-mauro-maldonado\/","title":{"rendered":"SAN NICOL\u00c1S: Atraparon a uno de los pr\u00f3fugos en la causa que investiga la muerte del polic\u00eda Mauro Maldonado"},"content":{"rendered":"<p><!-- VideographyWP Plugin Message: Automatic video embedding prevented by plugin options. --><br \/>\nAyer a la madrugada fuerzas policiales de la DDI, Comisar\u00eda Tercera y Comando de Patrulla, procedieron a la aprehensi\u00f3n de un muchacho de 18 a\u00f1os quien era buscado intensamente por estar vinculado a la muerte del oficial de polic\u00eda Mauro Maldonado. El joven habr\u00eda estado negociando su entrega y ayer al verse rodeado opt\u00f3 por hacerlo. A\u00fan hay otro sospechoso pr\u00f3fugo.<\/p>\n<p>  Como ya adelant\u00f3 EL NORTE este domingo, donde se reflej\u00f3 que era inminente la detenci\u00f3n de las personas pr\u00f3fugas por los homicidios de Javier Romero y el oficial de polic\u00eda Mauro Maldonado, ayer se produjo la detenci\u00f3n de uno de los dos pr\u00f3fugos.<\/p>\n<p>  Desde que sucedi\u00f3 ese fatal episodio las fuerzas policiales emprendieron una intensa investigaci\u00f3n por la que se pudo establecer la autor\u00eda de la muerte de Maldonado por parte de una banda delictiva que se encontraba en el momento de los hechos y que aprovech\u00f3 la ocasi\u00f3n para herir al personal policial. De los mismos ya se encuentran seis detenidos y hab\u00eda pr\u00f3fugos de la justicia. <\/p>\n<p>  Grupos Operativos de la DDI I San Nicol\u00e1s, bajo las directivas impartidas por el Director Crio. Mayor Ra\u00fal Santiago Hevia en forma conjunta con personal de Comisar\u00eda Tercera San Nicol\u00e1s y personal del CP San Nicol\u00e1s, teniendo en conocimiento donde se estar\u00edan ocultando los pr\u00f3fugos, como as\u00ed tambi\u00e9n los lugares que suelen frecuentar, procedieron a la detenci\u00f3n de uno de los mismos, un joven oriundo de San Nicol\u00e1s, de 18 a\u00f1os. <\/p>\n<p>  El agente Fiscal Dar\u00edo Giagnorio de UFI N \u00b0 6, aval\u00f3 lo actuado y dispuso que se proceda a notificar al detenido del Art\u00edculo 60 del C.P.P. por el delito de \u201chomicidio \u2013 da\u00f1o \u2013atentado a la autoridad \u2013 lesiones\u201d. <\/p>\n<p>  Por lo que pudo saber nuestro medio, el muchacho habr\u00eda sabido que era inminente su detenci\u00f3n por lo que decidi\u00f3 entregarse a las fuerzas que lo buscaban.<\/p>\n<p>  La investigaci\u00f3n sigue avanzando de forma intensa y la fiscal\u00eda a cargo del Dr. Dar\u00edo Giagnorio, estuvo en varias ocasiones en el lugar de los hechos dialogando con los vecinos y recabando m\u00e1s testimonios para lograr clarificar fehacientemente qu\u00e9 fue lo que ocurri\u00f3 en esa tr\u00e1gica noche. Se espera que en la semana se puedan presentar las pruebas suficientes para solicitar la prisi\u00f3n preventiva de los detenidos.<\/p>\n<p><strong>Autor\u00eda<\/strong><br \/>\n  Al haber tantos involucrados en ese episodio, usando armas de fuego, es dif\u00edcil para la justicia determinar qui\u00e9n fue el que efectu\u00f3 los disparos mortales. Recordemos que la primera v\u00edctima fue Javier quien sal\u00eda de su casa y qued\u00f3 en medio de un enfrentamiento y recibi\u00f3 un disparo en la cabeza. Tras este hecho hubo un gran revuelo en el barrio y un grupo numeroso quer\u00eda prender fuego la casa de los sindicados como quienes mataron al joven, debiendo tomar intervenci\u00f3n la polic\u00eda. Fue en ese momento cuando los agentes fueron agredidos a pedradas y luego con disparos, dando uno de ellos en la humanidad del oficial Maldonado quien muri\u00f3 al d\u00eda siguiente.<br \/>\nFuente: Diario El Norte<\/p>\n","protected":false},"excerpt":{"rendered":"<p>Ayer a la madrugada fuerzas policiales de la DDI, Comisar\u00eda Tercera y Comando de Patrulla, procedieron a la aprehensi\u00f3n de un muchacho de 18 a\u00f1os quien era buscado intensamente por estar vinculado a la muerte del oficial de polic\u00eda Mauro Maldonado. El joven habr\u00eda estado negociando su entrega y ayer al verse rodeado opt\u00f3 por [&hellip;]<\/p>\n","protected":false},"author":4,"featured_media":33600,"comment_status":"open","ping_status":"closed","sticky":false,"template":"","format":"standard","meta":{"om_disable_all_campaigns":false,"_jetpack_memberships_contains_paid_content":false,"footnotes":""},"categories":[621],"tags":[],"class_list":["post-33599","post","type-post","status-publish","format-standard","has-post-thumbnail","hentry","category-regionales"],"aioseo_notices":[],"gutentor_comment":0,"jetpack_featured_media_url":"https:\/\/eldiariodesanpedro.com.ar\/sitio\/wp-content\/uploads\/2018\/05\/caso-policia-aldonado-El-joven-habr\u00eda-estado-negociando-su-entrega.jpg","jetpack_shortlink":"https:\/\/wp.me\/p6RhLt-8JV","jetpack_sharing_enabled":true,"_links":{"self":[{"href":"https:\/\/eldiariodesanpedro.com.ar\/sitio\/wp-json\/wp\/v2\/posts\/33599","targetHints":{"allow":["GET"]}}],"collection":[{"href":"https:\/\/eldiariodesanpedro.com.ar\/sitio\/wp-json\/wp\/v2\/posts"}],"about":[{"href":"https:\/\/eldiariodesanpedro.com.ar\/sitio\/wp-json\/wp\/v2\/types\/post"}],"author":[{"embeddable":true,"href":"https:\/\/eldiariodesanpedro.com.ar\/sitio\/wp-json\/wp\/v2\/users\/4"}],"replies":[{"embeddable":true,"href":"https:\/\/eldiariodesanpedro.com.ar\/sitio\/wp-json\/wp\/v2\/comments?post=33599"}],"version-history":[{"count":1,"href":"https:\/\/eldiariodesanpedro.com.ar\/sitio\/wp-json\/wp\/v2\/posts\/33599\/revisions"}],"predecessor-version":[{"id":33601,"href":"https:\/\/eldiariodesanpedro.com.ar\/sitio\/wp-json\/wp\/v2\/posts\/33599\/revisions\/33601"}],"wp:featuredmedia":[{"embeddable":true,"href":"https:\/\/eldiariodesanpedro.com.ar\/sitio\/wp-json\/wp\/v2\/media\/33600"}],"wp:attachment":[{"href":"https:\/\/eldiariodesanpedro.com.ar\/sitio\/wp-json\/wp\/v2\/media?parent=33599"}],"wp:term":[{"taxonomy":"category","embeddable":true,"href":"https:\/\/eldiariodesanpedro.com.ar\/sitio\/wp-json\/wp\/v2\/categories?post=33599"},{"taxonomy":"post_tag","embeddable":true,"href":"https:\/\/eldiariodesanpedro.com.ar\/sitio\/wp-json\/wp\/v2\/tags?post=33599"}],"curies":[{"name":"wp","href":"https:\/\/api.w.org\/{rel}","templated":true}]}}