{"id":33596,"date":"2018-05-22T19:53:50","date_gmt":"2018-05-22T22:53:50","guid":{"rendered":"https:\/\/eldiariodesanpedro.com.ar\/sitio\/?p=33596"},"modified":"2018-05-22T19:53:50","modified_gmt":"2018-05-22T22:53:50","slug":"san-nicolas-investigan-un-posible-caso-de-meningitis","status":"publish","type":"post","link":"https:\/\/eldiariodesanpedro.com.ar\/sitio\/san-nicolas-investigan-un-posible-caso-de-meningitis\/","title":{"rendered":"SAN NICOL\u00c1S Investigan un posible caso de Meningitis"},"content":{"rendered":"<p><!-- VideographyWP Plugin Message: Automatic video embedding prevented by plugin options. --><br \/>\nEn las \u00faltimas horas trascendi\u00f3 que un alumno de la Escuela Primaria N\u00ba 29 tiene meningitis. En di\u00e1logo con RadioNet 95.7 la Inspectora Jefa Distrital, M\u00f3nica Guidi indic\u00f3 que ya se pusieron en marcha los protocolos a seguir ante una situaci\u00f3n como esta.   No se suspender\u00e1n las clases informaron desde la escuela.<\/p>\n<p>  Guidi explic\u00f3 que se ventil\u00f3 e higieniz\u00f3 el lugar, pero no amerita la suspensi\u00f3n de actividades, por lo que se continuar\u00e1 dictando clases con normalidad.<\/p>\n<p>  El ni\u00f1o tiene 9 a\u00f1os y ya se le realizaron los estudios pertinentes. Se aguarda el informe bacteriol\u00f3gico para conocer el grado de meningitis que padece. Se encuentra internado en el Hospital San Felipe.<\/p>\n","protected":false},"excerpt":{"rendered":"<p>En las \u00faltimas horas trascendi\u00f3 que un alumno de la Escuela Primaria N\u00ba 29 tiene meningitis. En di\u00e1logo con RadioNet 95.7 la Inspectora Jefa Distrital, M\u00f3nica Guidi indic\u00f3 que ya se pusieron en marcha los protocolos a seguir ante una situaci\u00f3n como esta. No se suspender\u00e1n las clases informaron desde la escuela. Guidi explic\u00f3 que [&hellip;]<\/p>\n","protected":false},"author":4,"featured_media":24971,"comment_status":"open","ping_status":"closed","sticky":false,"template":"","format":"standard","meta":{"om_disable_all_campaigns":false,"_jetpack_memberships_contains_paid_content":false,"footnotes":""},"categories":[621],"tags":[],"class_list":["post-33596","post","type-post","status-publish","format-standard","has-post-thumbnail","hentry","category-regionales"],"aioseo_notices":[],"gutentor_comment":0,"jetpack_featured_media_url":"https:\/\/eldiariodesanpedro.com.ar\/sitio\/wp-content\/uploads\/2017\/10\/elnorte59efa6d065b43_hospital-san-felipe.jpg","jetpack_shortlink":"https:\/\/wp.me\/p6RhLt-8JS","jetpack_sharing_enabled":true,"_links":{"self":[{"href":"https:\/\/eldiariodesanpedro.com.ar\/sitio\/wp-json\/wp\/v2\/posts\/33596","targetHints":{"allow":["GET"]}}],"collection":[{"href":"https:\/\/eldiariodesanpedro.com.ar\/sitio\/wp-json\/wp\/v2\/posts"}],"about":[{"href":"https:\/\/eldiariodesanpedro.com.ar\/sitio\/wp-json\/wp\/v2\/types\/post"}],"author":[{"embeddable":true,"href":"https:\/\/eldiariodesanpedro.com.ar\/sitio\/wp-json\/wp\/v2\/users\/4"}],"replies":[{"embeddable":true,"href":"https:\/\/eldiariodesanpedro.com.ar\/sitio\/wp-json\/wp\/v2\/comments?post=33596"}],"version-history":[{"count":2,"href":"https:\/\/eldiariodesanpedro.com.ar\/sitio\/wp-json\/wp\/v2\/posts\/33596\/revisions"}],"predecessor-version":[{"id":33598,"href":"https:\/\/eldiariodesanpedro.com.ar\/sitio\/wp-json\/wp\/v2\/posts\/33596\/revisions\/33598"}],"wp:featuredmedia":[{"embeddable":true,"href":"https:\/\/eldiariodesanpedro.com.ar\/sitio\/wp-json\/wp\/v2\/media\/24971"}],"wp:attachment":[{"href":"https:\/\/eldiariodesanpedro.com.ar\/sitio\/wp-json\/wp\/v2\/media?parent=33596"}],"wp:term":[{"taxonomy":"category","embeddable":true,"href":"https:\/\/eldiariodesanpedro.com.ar\/sitio\/wp-json\/wp\/v2\/categories?post=33596"},{"taxonomy":"post_tag","embeddable":true,"href":"https:\/\/eldiariodesanpedro.com.ar\/sitio\/wp-json\/wp\/v2\/tags?post=33596"}],"curies":[{"name":"wp","href":"https:\/\/api.w.org\/{rel}","templated":true}]}}