{"id":33591,"date":"2018-05-22T19:51:04","date_gmt":"2018-05-22T22:51:04","guid":{"rendered":"https:\/\/eldiariodesanpedro.com.ar\/sitio\/?p=33591"},"modified":"2018-05-22T19:51:04","modified_gmt":"2018-05-22T22:51:04","slug":"arrecifes-continua-la-busqueda-de-laureano-ocho-dias-sin-ningun-indicio","status":"publish","type":"post","link":"https:\/\/eldiariodesanpedro.com.ar\/sitio\/arrecifes-continua-la-busqueda-de-laureano-ocho-dias-sin-ningun-indicio\/","title":{"rendered":"ARRECIFES: Contin\u00faa la b\u00fasqueda de Laureano, ocho d\u00edas sin ning\u00fan indicio"},"content":{"rendered":"<p><!-- VideographyWP Plugin Message: Automatic video embedding prevented by plugin options. --><br \/>\nEl octavo d\u00eda de b\u00fasqueda de Laureano Alarc\u00f3n, desaparecido en la madrugada del domingo 13 de mayo en Arrecifes, finaliz\u00f3 sin \u00e9xito.<\/p>\n<p>  Pese al paso de los d\u00edas y al intenso y exhaustivo rastrillaje, el misterio crece, ya que no hay absolutamente ning\u00fan rastro del joven de 19 a\u00f1os oriundo de Capit\u00e1n Sarmiento. Ninguno.<\/p>\n<p>  Ni la persona a la que le parec\u00eda haberlo visto, ni la campera hallada tirada, ni las versiones de peleas\u2026 Nada corresponde a Laureano.<\/p>\n<p>  Este domingo unas 100 personas participaron de la b\u00fasqueda: Bomberos Voluntarios de diferentes ciudades, polic\u00edas tambi\u00e9n de distintas divisiones, buzos t\u00e1cticos, vecinos solidarios que se sumaron, familiares y amigos del chico; adem\u00e1s de perros especialmente entrenados (vino el que particip\u00f3 en la b\u00fasqueda de Santiago Maldonado. Se busc\u00f3 en las aguas del r\u00edo con muchas embarcaciones; por tierra, caminando, a caballo, en veh\u00edculos; por aire con helic\u00f3ptero, avi\u00f3n, drones, filmando toda la zona. Se volvieron a rastrear m\u00e1s profundamente lugares que ya hab\u00edan sido recorridos\u2026<\/p>\n<p>  Nadie descansa. Est\u00e1 todo puesto en la b\u00fasqueda: desde lo humano hasta lo material. \u201cNo nos falta ning\u00fan elemento, todo lo que necesitamos lo tenemos. Cada d\u00eda que se termina sin novedades nos invade la frustraci\u00f3n, pero tomamos nuevas fuerzas para encarar el d\u00eda siguiente. Bajo ning\u00fan aspecto evaluamos detener la b\u00fasqueda\u201d, manifest\u00f3 el secretario de Seguridad P\u00fablica municipal, Dr. Jos\u00e9 Tenorio en Radio Uno (107.1).<\/p>\n<p>  A los Bomberos Voluntarios se les rompieron tres embarcaciones en la b\u00fasqueda, pero enseguida se acerca gente a colaborar. De hecho, por gestiones de Marcos Casella (uno de los incansables, junto a los tres hermanos Arean) y Marcos Di Palma, hoy se consigui\u00f3 que el pergaminense Gustavo Bassi env\u00ede una h\u00e9lice para reemplazar la que se le rompi\u00f3 a un gom\u00f3n de bomberos. El propio Di Palma la fue a buscar a Pergamino y trajo tambi\u00e9n una moto de agua con la que \u00e9l mismo busc\u00f3 en el r\u00edo.<\/p>\n<p>  Y as\u00ed todo. La dedicaci\u00f3n y la solidaridad son enormes, cada uno en lo que puede colaborar; como el vecino Silvio Ricci que hace seis d\u00edas est\u00e1 cocinando para darles de comer a todos, que este domingo fueron casi 200 personas. Pero de Laureano no se sabe absolutamente nada.<\/p>\n<p>Fuente: Arrecifes Noticias<\/p>\n","protected":false},"excerpt":{"rendered":"<p>El octavo d\u00eda de b\u00fasqueda de Laureano Alarc\u00f3n, desaparecido en la madrugada del domingo 13 de mayo en Arrecifes, finaliz\u00f3 sin \u00e9xito. Pese al paso de los d\u00edas y al intenso y exhaustivo rastrillaje, el misterio crece, ya que no hay absolutamente ning\u00fan rastro del joven de 19 a\u00f1os oriundo de Capit\u00e1n Sarmiento. Ninguno. Ni [&hellip;]<\/p>\n","protected":false},"author":4,"featured_media":33593,"comment_status":"open","ping_status":"closed","sticky":false,"template":"","format":"standard","meta":{"om_disable_all_campaigns":false,"_jetpack_memberships_contains_paid_content":false,"footnotes":""},"categories":[621],"tags":[],"class_list":["post-33591","post","type-post","status-publish","format-standard","has-post-thumbnail","hentry","category-regionales"],"aioseo_notices":[],"gutentor_comment":0,"jetpack_featured_media_url":"https:\/\/eldiariodesanpedro.com.ar\/sitio\/wp-content\/uploads\/2018\/05\/Busqueda-Laureano.jpg","jetpack_shortlink":"https:\/\/wp.me\/p6RhLt-8JN","jetpack_sharing_enabled":true,"_links":{"self":[{"href":"https:\/\/eldiariodesanpedro.com.ar\/sitio\/wp-json\/wp\/v2\/posts\/33591","targetHints":{"allow":["GET"]}}],"collection":[{"href":"https:\/\/eldiariodesanpedro.com.ar\/sitio\/wp-json\/wp\/v2\/posts"}],"about":[{"href":"https:\/\/eldiariodesanpedro.com.ar\/sitio\/wp-json\/wp\/v2\/types\/post"}],"author":[{"embeddable":true,"href":"https:\/\/eldiariodesanpedro.com.ar\/sitio\/wp-json\/wp\/v2\/users\/4"}],"replies":[{"embeddable":true,"href":"https:\/\/eldiariodesanpedro.com.ar\/sitio\/wp-json\/wp\/v2\/comments?post=33591"}],"version-history":[{"count":1,"href":"https:\/\/eldiariodesanpedro.com.ar\/sitio\/wp-json\/wp\/v2\/posts\/33591\/revisions"}],"predecessor-version":[{"id":33595,"href":"https:\/\/eldiariodesanpedro.com.ar\/sitio\/wp-json\/wp\/v2\/posts\/33591\/revisions\/33595"}],"wp:featuredmedia":[{"embeddable":true,"href":"https:\/\/eldiariodesanpedro.com.ar\/sitio\/wp-json\/wp\/v2\/media\/33593"}],"wp:attachment":[{"href":"https:\/\/eldiariodesanpedro.com.ar\/sitio\/wp-json\/wp\/v2\/media?parent=33591"}],"wp:term":[{"taxonomy":"category","embeddable":true,"href":"https:\/\/eldiariodesanpedro.com.ar\/sitio\/wp-json\/wp\/v2\/categories?post=33591"},{"taxonomy":"post_tag","embeddable":true,"href":"https:\/\/eldiariodesanpedro.com.ar\/sitio\/wp-json\/wp\/v2\/tags?post=33591"}],"curies":[{"name":"wp","href":"https:\/\/api.w.org\/{rel}","templated":true}]}}