{"id":33590,"date":"2018-05-22T19:51:01","date_gmt":"2018-05-22T22:51:01","guid":{"rendered":"https:\/\/eldiariodesanpedro.com.ar\/sitio\/?p=33590"},"modified":"2018-05-22T19:51:01","modified_gmt":"2018-05-22T22:51:01","slug":"escobar-impactante-choque-seguido-de-vuelco-cinco-heridos","status":"publish","type":"post","link":"https:\/\/eldiariodesanpedro.com.ar\/sitio\/escobar-impactante-choque-seguido-de-vuelco-cinco-heridos\/","title":{"rendered":"ESCOBAR: Impactante choque seguido de vuelco, cinco heridos"},"content":{"rendered":"<p><!-- VideographyWP Plugin Message: Automatic video embedding prevented by plugin options. --><br \/>\nEn horas del amanecer de ayer ocurri\u00f3 un impresionante choque seguido de vuelco sobre la autopista Panamericana. El suceso se registr\u00f3 pasadas las 7.00, en momentos en que ambos involucrados, una camioneta utilitaria blanca Mercedes Benz Sprinter y un Citro\u00ebn C3 del mismo color, ven\u00edan transitando por el km 47 de la autopista.<\/p>\n<p>  Ambos rodados viajaban sobre el sentido a Capital cuando ocurri\u00f3 la fuerte colisi\u00f3n en la que impactaron entre s\u00ed, chocaron contra el guardarrail y la camioneta termin\u00f3 volcada sobre la banquina. Como saldo, un total de cinco personas, ocupantes de los dos veh\u00edculos, recibieron heridas leves. Tambi\u00e9n se lamentaron grandes da\u00f1os materiales, en especial en el Citro\u00ebn, el cual perdi\u00f3 todo el paragolpes delantero.<\/p>\n<p>  Se hizo presente en el lugar personal de los servicios de emergencias, un total de seis ambulancias de la Municipalidad de Escobar que se encarg\u00f3 del traslado de los heridos al Hospital, tres camionetas de Defensa Civil y los Bomberos Voluntarios de Escobar con el m\u00f3vil A-5, a cargo del ayudante Francisco Gonz\u00e1lez, quienes trabajaron durante una hora en el lugar.<\/p>\n<p>  Cabe se\u00f1alar que, como producto de este siniestro, el carril r\u00e1pido de la autopista se vio reducido, hubo demoras y algunos automovilistas imprudentes comenzaron a regresar a contramano por las banquinas, cambi\u00e1ndose a la colectora atravesando el pasto y en lugares no permitidos, en las proximidades del acceso a la autopista.<\/p>\n<p>Fuente: El Diario de Escobar<\/p>\n","protected":false},"excerpt":{"rendered":"<p>En horas del amanecer de ayer ocurri\u00f3 un impresionante choque seguido de vuelco sobre la autopista Panamericana. El suceso se registr\u00f3 pasadas las 7.00, en momentos en que ambos involucrados, una camioneta utilitaria blanca Mercedes Benz Sprinter y un Citro\u00ebn C3 del mismo color, ven\u00edan transitando por el km 47 de la autopista. Ambos rodados [&hellip;]<\/p>\n","protected":false},"author":4,"featured_media":33592,"comment_status":"open","ping_status":"closed","sticky":false,"template":"","format":"standard","meta":{"om_disable_all_campaigns":false,"_jetpack_memberships_contains_paid_content":false,"footnotes":""},"categories":[621],"tags":[],"class_list":["post-33590","post","type-post","status-publish","format-standard","has-post-thumbnail","hentry","category-regionales"],"aioseo_notices":[],"gutentor_comment":0,"jetpack_featured_media_url":"https:\/\/eldiariodesanpedro.com.ar\/sitio\/wp-content\/uploads\/2018\/05\/Impactante-choque-seguido-de-vuelco-cinco-heridos.jpg","jetpack_shortlink":"https:\/\/wp.me\/p6RhLt-8JM","jetpack_sharing_enabled":true,"_links":{"self":[{"href":"https:\/\/eldiariodesanpedro.com.ar\/sitio\/wp-json\/wp\/v2\/posts\/33590","targetHints":{"allow":["GET"]}}],"collection":[{"href":"https:\/\/eldiariodesanpedro.com.ar\/sitio\/wp-json\/wp\/v2\/posts"}],"about":[{"href":"https:\/\/eldiariodesanpedro.com.ar\/sitio\/wp-json\/wp\/v2\/types\/post"}],"author":[{"embeddable":true,"href":"https:\/\/eldiariodesanpedro.com.ar\/sitio\/wp-json\/wp\/v2\/users\/4"}],"replies":[{"embeddable":true,"href":"https:\/\/eldiariodesanpedro.com.ar\/sitio\/wp-json\/wp\/v2\/comments?post=33590"}],"version-history":[{"count":1,"href":"https:\/\/eldiariodesanpedro.com.ar\/sitio\/wp-json\/wp\/v2\/posts\/33590\/revisions"}],"predecessor-version":[{"id":33594,"href":"https:\/\/eldiariodesanpedro.com.ar\/sitio\/wp-json\/wp\/v2\/posts\/33590\/revisions\/33594"}],"wp:featuredmedia":[{"embeddable":true,"href":"https:\/\/eldiariodesanpedro.com.ar\/sitio\/wp-json\/wp\/v2\/media\/33592"}],"wp:attachment":[{"href":"https:\/\/eldiariodesanpedro.com.ar\/sitio\/wp-json\/wp\/v2\/media?parent=33590"}],"wp:term":[{"taxonomy":"category","embeddable":true,"href":"https:\/\/eldiariodesanpedro.com.ar\/sitio\/wp-json\/wp\/v2\/categories?post=33590"},{"taxonomy":"post_tag","embeddable":true,"href":"https:\/\/eldiariodesanpedro.com.ar\/sitio\/wp-json\/wp\/v2\/tags?post=33590"}],"curies":[{"name":"wp","href":"https:\/\/api.w.org\/{rel}","templated":true}]}}