{"id":33583,"date":"2018-05-22T19:48:01","date_gmt":"2018-05-22T22:48:01","guid":{"rendered":"https:\/\/eldiariodesanpedro.com.ar\/sitio\/?p=33583"},"modified":"2018-05-22T19:48:01","modified_gmt":"2018-05-22T22:48:01","slug":"matias-padilla-cumplio-el-sueno-de-tocar-en-el-luna-park","status":"publish","type":"post","link":"https:\/\/eldiariodesanpedro.com.ar\/sitio\/matias-padilla-cumplio-el-sueno-de-tocar-en-el-luna-park\/","title":{"rendered":"Mat\u00edas Padilla cumpli\u00f3 el sue\u00f1o de tocar en el Luna Park"},"content":{"rendered":"<p><!-- VideographyWP Plugin Message: Automatic video embedding prevented by plugin options. --><br \/>\nEl cantautor Sampedrino, se present\u00f3 el domingo en el ic\u00f3nico escenario de la ciudad de Buenos Aires, abriendo la gala que presentaba al mism\u00edsimo ex So Pra Contrariar.<\/p>\n<p>  Con seriedad y responsabilidad todo se logra y la carrera ascendente de Mat\u00edas Padilla no tiene techo. En silencio, pero con perseverancia el cantautor sampedrino lleg\u00f3 donde quer\u00eda y el pasado domingo se dio el gusto de estar en el escenario principal del m\u00edtico estadio Luna Park en donde se present\u00f3 como artista telonero de Alexandre Pires.<\/p>\n<p>  Fue un show que cont\u00f3 con 5 obras de su autor\u00eda con las que el artista pudo desarrollar su m\u00e1s sincera expresi\u00f3n musical, fue muy bien aceptada por el p\u00fablico presente en la sala, que acompa\u00f1o con un respetuoso silencio y c\u00e1lidos aplausos en la finalizaci\u00f3n de cada canci\u00f3n.<\/p>\n<p>  \u201cEs como cumplir un verdadero sue\u00f1o, gracias a la gente que siempre estuvo al lado de este proyecto, hoy es un paso m\u00e1s en \u00e9ste hermoso camino que recorre un artista\u201d.<\/p>\n<p>  \u201cA nivel personal es un sue\u00f1o cumplido y genera muchas expectativas a futuro poder haber estado arriba del escenario m\u00e1s importante que tiene nuestro pa\u00eds en la escena musical\u201d, cont\u00f3 Padilla.<\/p>\n<p>  \u201cHan pasado much\u00edsimos artistas a nivel internacional por estos pasillos donde hoy nos toc\u00f3 estar y es un orgullo poder mostrar lo que hace muchos a\u00f1os venimos trabajando, imaginar que dentro de los mismos camarines, pasaron artistas de la talla de Frank Sinatra, Liza Minelli, Paul Anka, Sandro, Julio Iglesias, Alejandro Sanz entre tantos otros y adem\u00e1s de deportistas como Monz\u00f3n por ejemplo\u201d.<\/p>\n","protected":false},"excerpt":{"rendered":"<p>El cantautor Sampedrino, se present\u00f3 el domingo en el ic\u00f3nico escenario de la ciudad de Buenos Aires, abriendo la gala que presentaba al mism\u00edsimo ex So Pra Contrariar. Con seriedad y responsabilidad todo se logra y la carrera ascendente de Mat\u00edas Padilla no tiene techo. En silencio, pero con perseverancia el cantautor sampedrino lleg\u00f3 donde [&hellip;]<\/p>\n","protected":false},"author":4,"featured_media":33586,"comment_status":"open","ping_status":"closed","sticky":false,"template":"","format":"standard","meta":{"om_disable_all_campaigns":false,"_jetpack_memberships_contains_paid_content":false,"footnotes":""},"categories":[101,2],"tags":[],"class_list":["post-33583","post","type-post","status-publish","format-standard","has-post-thumbnail","hentry","category-interes-general-locales","category-locales"],"aioseo_notices":[],"gutentor_comment":0,"jetpack_featured_media_url":"https:\/\/eldiariodesanpedro.com.ar\/sitio\/wp-content\/uploads\/2018\/05\/Mat\u00edas-Padilla-Luna-Park.jpg","jetpack_shortlink":"https:\/\/wp.me\/p6RhLt-8JF","jetpack_sharing_enabled":true,"_links":{"self":[{"href":"https:\/\/eldiariodesanpedro.com.ar\/sitio\/wp-json\/wp\/v2\/posts\/33583","targetHints":{"allow":["GET"]}}],"collection":[{"href":"https:\/\/eldiariodesanpedro.com.ar\/sitio\/wp-json\/wp\/v2\/posts"}],"about":[{"href":"https:\/\/eldiariodesanpedro.com.ar\/sitio\/wp-json\/wp\/v2\/types\/post"}],"author":[{"embeddable":true,"href":"https:\/\/eldiariodesanpedro.com.ar\/sitio\/wp-json\/wp\/v2\/users\/4"}],"replies":[{"embeddable":true,"href":"https:\/\/eldiariodesanpedro.com.ar\/sitio\/wp-json\/wp\/v2\/comments?post=33583"}],"version-history":[{"count":1,"href":"https:\/\/eldiariodesanpedro.com.ar\/sitio\/wp-json\/wp\/v2\/posts\/33583\/revisions"}],"predecessor-version":[{"id":33588,"href":"https:\/\/eldiariodesanpedro.com.ar\/sitio\/wp-json\/wp\/v2\/posts\/33583\/revisions\/33588"}],"wp:featuredmedia":[{"embeddable":true,"href":"https:\/\/eldiariodesanpedro.com.ar\/sitio\/wp-json\/wp\/v2\/media\/33586"}],"wp:attachment":[{"href":"https:\/\/eldiariodesanpedro.com.ar\/sitio\/wp-json\/wp\/v2\/media?parent=33583"}],"wp:term":[{"taxonomy":"category","embeddable":true,"href":"https:\/\/eldiariodesanpedro.com.ar\/sitio\/wp-json\/wp\/v2\/categories?post=33583"},{"taxonomy":"post_tag","embeddable":true,"href":"https:\/\/eldiariodesanpedro.com.ar\/sitio\/wp-json\/wp\/v2\/tags?post=33583"}],"curies":[{"name":"wp","href":"https:\/\/api.w.org\/{rel}","templated":true}]}}