{"id":33579,"date":"2018-05-22T19:04:26","date_gmt":"2018-05-22T22:04:26","guid":{"rendered":"https:\/\/eldiariodesanpedro.com.ar\/sitio\/?p=33579"},"modified":"2018-05-22T19:04:26","modified_gmt":"2018-05-22T22:04:26","slug":"santa-lucia-corre-meneguzzi-y-muntane-los-ganadores-de-la-primera-edicion","status":"publish","type":"post","link":"https:\/\/eldiariodesanpedro.com.ar\/sitio\/santa-lucia-corre-meneguzzi-y-muntane-los-ganadores-de-la-primera-edicion\/","title":{"rendered":"Santa Luc\u00eda Corre: Meneguzzi y Muntan\u00e9 los ganadores de la primera edici\u00f3n"},"content":{"rendered":"<p><!-- VideographyWP Plugin Message: Automatic video embedding prevented by plugin options. --><br \/>\nEl domingo por la ma\u00f1ana se corri\u00f3 la primera edici\u00f3n del \u00abSanta Luc\u00eda Corre\u00bb, una prueba de 10 kil\u00f3metros que cont\u00f3 con m\u00e1s de 100 corredores de distintas localidades. Los ganadores fueron el rosarino Meneguzzi en hombres, y la sampedrina, Mar\u00eda P\u00eda Muntan\u00e9 en mujeres.<br \/>\nEn Santa Luc\u00eda se corri\u00f3 una carrera de 10 kil\u00f3metros el domingo por la ma\u00f1ana, y cont\u00f3 con destacados atletas de la zona. En hombres, el ganador fue el rosarino Cristian Meneguzzi, que en los \u00faltimos 500 metros logr\u00f3 sacar una peque\u00f1a diferencia por sobre Ben\u00edtez, y de \u00e9sta manera se qued\u00f3 con el primer puesto, el podio lo complet\u00f3 Walter Sosa, de Chivilcoy. En damas, la ganadora fue P\u00eda Muntane, la sampedrina que lleg\u00f3 antes que Lacerna de Baradero y Silvina Cristofano.<br \/>\nFue una prueba dura para los corredores, ya que contaba con dos vueltas de 5 kil\u00f3metros, entre los cuales, hab\u00eda sectores de tierra, y no de asfalto como se acostumbra en estas competiciones.<br \/>\nHubo un destacado n\u00fameros de atletas de la ciuda, representantes del club Mitre, Somos Finishers y Pescadores Running Team, que se quedaron con varios podios en las distintas categor\u00edas. Adem\u00e1s la carrera cont\u00f3 con pedestristas de Arrecifes, Baradero, Chivilcoy, 25 de Mayo, Salto, Rosario, San Nicol\u00e1s, Campana, Zarate, CABA, Marcos Paz, San Martin, Santa Luc\u00eda y Gobernador Castro.<\/p>\n<p>Podio general hombres:<br \/>\n1ro Cristian Meneguzzi- Rosario<br \/>\n2do Juan Manuel Ben\u00edtez- CABA<br \/>\n3ro Walter Sosa- Chivilcoy <\/p>\n<p>Podio general mujeres:<br \/>\n1ra P\u00eda Muntane &#8211; San Pedro<br \/>\n2da Alejandra Lacerna- Baradero<br \/>\n3ra Silvina Cristofano &#8211; San Mart\u00edn (Bs. As)<\/p>\n","protected":false},"excerpt":{"rendered":"<p>El domingo por la ma\u00f1ana se corri\u00f3 la primera edici\u00f3n del \u00abSanta Luc\u00eda Corre\u00bb, una prueba de 10 kil\u00f3metros que cont\u00f3 con m\u00e1s de 100 corredores de distintas localidades. Los ganadores fueron el rosarino Meneguzzi en hombres, y la sampedrina, Mar\u00eda P\u00eda Muntan\u00e9 en mujeres. En Santa Luc\u00eda se corri\u00f3 una carrera de 10 kil\u00f3metros [&hellip;]<\/p>\n","protected":false},"author":4,"featured_media":33580,"comment_status":"open","ping_status":"closed","sticky":false,"template":"","format":"standard","meta":{"om_disable_all_campaigns":false,"_jetpack_memberships_contains_paid_content":false,"footnotes":""},"categories":[101,2],"tags":[],"class_list":["post-33579","post","type-post","status-publish","format-standard","has-post-thumbnail","hentry","category-interes-general-locales","category-locales"],"aioseo_notices":[],"gutentor_comment":0,"jetpack_featured_media_url":"https:\/\/eldiariodesanpedro.com.ar\/sitio\/wp-content\/uploads\/2018\/05\/PAGINA-4.jpeg","jetpack_shortlink":"https:\/\/wp.me\/p6RhLt-8JB","jetpack_sharing_enabled":true,"_links":{"self":[{"href":"https:\/\/eldiariodesanpedro.com.ar\/sitio\/wp-json\/wp\/v2\/posts\/33579","targetHints":{"allow":["GET"]}}],"collection":[{"href":"https:\/\/eldiariodesanpedro.com.ar\/sitio\/wp-json\/wp\/v2\/posts"}],"about":[{"href":"https:\/\/eldiariodesanpedro.com.ar\/sitio\/wp-json\/wp\/v2\/types\/post"}],"author":[{"embeddable":true,"href":"https:\/\/eldiariodesanpedro.com.ar\/sitio\/wp-json\/wp\/v2\/users\/4"}],"replies":[{"embeddable":true,"href":"https:\/\/eldiariodesanpedro.com.ar\/sitio\/wp-json\/wp\/v2\/comments?post=33579"}],"version-history":[{"count":1,"href":"https:\/\/eldiariodesanpedro.com.ar\/sitio\/wp-json\/wp\/v2\/posts\/33579\/revisions"}],"predecessor-version":[{"id":33581,"href":"https:\/\/eldiariodesanpedro.com.ar\/sitio\/wp-json\/wp\/v2\/posts\/33579\/revisions\/33581"}],"wp:featuredmedia":[{"embeddable":true,"href":"https:\/\/eldiariodesanpedro.com.ar\/sitio\/wp-json\/wp\/v2\/media\/33580"}],"wp:attachment":[{"href":"https:\/\/eldiariodesanpedro.com.ar\/sitio\/wp-json\/wp\/v2\/media?parent=33579"}],"wp:term":[{"taxonomy":"category","embeddable":true,"href":"https:\/\/eldiariodesanpedro.com.ar\/sitio\/wp-json\/wp\/v2\/categories?post=33579"},{"taxonomy":"post_tag","embeddable":true,"href":"https:\/\/eldiariodesanpedro.com.ar\/sitio\/wp-json\/wp\/v2\/tags?post=33579"}],"curies":[{"name":"wp","href":"https:\/\/api.w.org\/{rel}","templated":true}]}}