{"id":33577,"date":"2018-05-22T17:42:15","date_gmt":"2018-05-22T20:42:15","guid":{"rendered":"https:\/\/eldiariodesanpedro.com.ar\/sitio\/?p=33577"},"modified":"2018-05-22T17:42:15","modified_gmt":"2018-05-22T20:42:15","slug":"busqueda-laboral-por-parte-de-la-oficina-de-empleo","status":"publish","type":"post","link":"https:\/\/eldiariodesanpedro.com.ar\/sitio\/busqueda-laboral-por-parte-de-la-oficina-de-empleo\/","title":{"rendered":"Busqueda Laboral por parte de la oficina de empleo"},"content":{"rendered":"<p><!-- VideographyWP Plugin Message: Automatic video embedding prevented by plugin options. --><br \/>\nLa Oficina de Empleo informa que comercio solicita 2 pasantes para cubrir puesto de operario.<\/p>\n<p>Requisitos:<br \/>\nEdad: 18 a 24 a\u00f1os<br \/>\nPertenecer al programa j\u00f3venes  o progresar<br \/>\nCon conocimientos b\u00e1sicos en electricidad<br \/>\nSexo: Masculino<br \/>\nManejo de herramientas de mano<br \/>\nResponsable<br \/>\nPredisposici\u00f3n de aprendizaje <\/p>\n<p>Si cumpl\u00eds con los requisitos acerca tu cv a la Oficina de Empleo , Ayacucho 299 de Lunes a Viernes de 8 a 14 hs. o al correo electr\u00f3nico empleo@sanpedro.gob.ar<\/p>\n","protected":false},"excerpt":{"rendered":"<p>La Oficina de Empleo informa que comercio solicita 2 pasantes para cubrir puesto de operario. Requisitos: Edad: 18 a 24 a\u00f1os Pertenecer al programa j\u00f3venes o progresar Con conocimientos b\u00e1sicos en electricidad Sexo: Masculino Manejo de herramientas de mano Responsable Predisposici\u00f3n de aprendizaje Si cumpl\u00eds con los requisitos acerca tu cv a la Oficina de [&hellip;]<\/p>\n","protected":false},"author":4,"featured_media":4452,"comment_status":"open","ping_status":"closed","sticky":false,"template":"","format":"standard","meta":{"om_disable_all_campaigns":false,"_jetpack_memberships_contains_paid_content":false,"footnotes":""},"categories":[101,2],"tags":[],"class_list":["post-33577","post","type-post","status-publish","format-standard","has-post-thumbnail","hentry","category-interes-general-locales","category-locales"],"aioseo_notices":[],"gutentor_comment":0,"jetpack_featured_media_url":"https:\/\/eldiariodesanpedro.com.ar\/sitio\/wp-content\/uploads\/2016\/05\/Oficina-de-empleo.jpg","jetpack_shortlink":"https:\/\/wp.me\/p6RhLt-8Jz","jetpack_sharing_enabled":true,"_links":{"self":[{"href":"https:\/\/eldiariodesanpedro.com.ar\/sitio\/wp-json\/wp\/v2\/posts\/33577","targetHints":{"allow":["GET"]}}],"collection":[{"href":"https:\/\/eldiariodesanpedro.com.ar\/sitio\/wp-json\/wp\/v2\/posts"}],"about":[{"href":"https:\/\/eldiariodesanpedro.com.ar\/sitio\/wp-json\/wp\/v2\/types\/post"}],"author":[{"embeddable":true,"href":"https:\/\/eldiariodesanpedro.com.ar\/sitio\/wp-json\/wp\/v2\/users\/4"}],"replies":[{"embeddable":true,"href":"https:\/\/eldiariodesanpedro.com.ar\/sitio\/wp-json\/wp\/v2\/comments?post=33577"}],"version-history":[{"count":1,"href":"https:\/\/eldiariodesanpedro.com.ar\/sitio\/wp-json\/wp\/v2\/posts\/33577\/revisions"}],"predecessor-version":[{"id":33578,"href":"https:\/\/eldiariodesanpedro.com.ar\/sitio\/wp-json\/wp\/v2\/posts\/33577\/revisions\/33578"}],"wp:featuredmedia":[{"embeddable":true,"href":"https:\/\/eldiariodesanpedro.com.ar\/sitio\/wp-json\/wp\/v2\/media\/4452"}],"wp:attachment":[{"href":"https:\/\/eldiariodesanpedro.com.ar\/sitio\/wp-json\/wp\/v2\/media?parent=33577"}],"wp:term":[{"taxonomy":"category","embeddable":true,"href":"https:\/\/eldiariodesanpedro.com.ar\/sitio\/wp-json\/wp\/v2\/categories?post=33577"},{"taxonomy":"post_tag","embeddable":true,"href":"https:\/\/eldiariodesanpedro.com.ar\/sitio\/wp-json\/wp\/v2\/tags?post=33577"}],"curies":[{"name":"wp","href":"https:\/\/api.w.org\/{rel}","templated":true}]}}