{"id":33572,"date":"2018-05-22T13:02:02","date_gmt":"2018-05-22T16:02:02","guid":{"rendered":"https:\/\/eldiariodesanpedro.com.ar\/sitio\/?p=33572"},"modified":"2018-05-22T13:02:02","modified_gmt":"2018-05-22T16:02:02","slug":"una-delincuente-con-antecedentes-reducida-por-vecinos-cuando-robo-en-un-domicilio","status":"publish","type":"post","link":"https:\/\/eldiariodesanpedro.com.ar\/sitio\/una-delincuente-con-antecedentes-reducida-por-vecinos-cuando-robo-en-un-domicilio\/","title":{"rendered":"Una delincuente con antecedentes reducida por vecinos cuando robo en un domicilio"},"content":{"rendered":"<p><!-- VideographyWP Plugin Message: Automatic video embedding prevented by plugin options. --><br \/>\nEn la ma\u00f1ana de este martes se aprehendi\u00f3 a una joven que intent\u00f3 robar ingresando en un domicilio y fue reducido por vecinos.<\/p>\n<p>En un domicilio ubicado en calle Balcarce 470 donde vive una mujer de 78 a\u00f1os, una joven delincuente de 22 a\u00f1os de edad con frondosos antecedentes, sobre todo de robos en modalidad motochorros fue aprehendida tras haber tratado de darse a la fuga luego de ingresado en un domicilio y sustraer dinero en efectivo.<\/p>\n<p>Cuando se daba a la fuga la empleada domestica logro interceptarla por lo que forcejeo con la delincuente resultando lesionada en su brazo derecho con un mordisco de parte de la delincuente por lo que fue trasladada por el same para realizar una revisi\u00f3n medica y dada de alta inmediatamente.<\/p>\n<p>por su parte la malviviente de 22 a\u00f1os fue reducida por la empleada y la ayuda de vecinos hasta la llegada de los efectivos policiales quienes la trasladaron hasta la comisaria local donde permanecer\u00e1 aprehendida hasta declarar en la fiscalia.<\/p>\n<p><iframe data-src=\"https:\/\/www.facebook.com\/plugins\/video.php?href=https%3A%2F%2Fwww.facebook.com%2Feldiario.desanpedro%2Fvideos%2F771618036380671%2F&#038;show_text=0&#038;width=560\" width=\"560\" height=\"315\" style=\"border:none;overflow:hidden\" scrolling=\"no\" frameborder=\"0\" allowTransparency=\"true\" allowFullScreen=\"true\" src=\"data:image\/svg+xml;base64,PHN2ZyB3aWR0aD0iMSIgaGVpZ2h0PSIxIiB4bWxucz0iaHR0cDovL3d3dy53My5vcmcvMjAwMC9zdmciPjwvc3ZnPg==\" class=\"lazyload\" data-load-mode=\"1\"><\/iframe><\/p>\n","protected":false},"excerpt":{"rendered":"<p>En la ma\u00f1ana de este martes se aprehendi\u00f3 a una joven que intent\u00f3 robar ingresando en un domicilio y fue reducido por vecinos. En un domicilio ubicado en calle Balcarce 470 donde vive una mujer de 78 a\u00f1os, una joven delincuente de 22 a\u00f1os de edad con frondosos antecedentes, sobre todo de robos en modalidad [&hellip;]<\/p>\n","protected":false},"author":4,"featured_media":33575,"comment_status":"open","ping_status":"closed","sticky":false,"template":"","format":"standard","meta":{"om_disable_all_campaigns":false,"_jetpack_memberships_contains_paid_content":false,"footnotes":""},"categories":[2,103],"tags":[],"class_list":["post-33572","post","type-post","status-publish","format-standard","has-post-thumbnail","hentry","category-locales","category-policiales-locales"],"aioseo_notices":[],"gutentor_comment":0,"jetpack_featured_media_url":"https:\/\/eldiariodesanpedro.com.ar\/sitio\/wp-content\/uploads\/2018\/05\/20180522_111359-e1527004892559.jpg","jetpack_shortlink":"https:\/\/wp.me\/p6RhLt-8Ju","jetpack_sharing_enabled":true,"_links":{"self":[{"href":"https:\/\/eldiariodesanpedro.com.ar\/sitio\/wp-json\/wp\/v2\/posts\/33572","targetHints":{"allow":["GET"]}}],"collection":[{"href":"https:\/\/eldiariodesanpedro.com.ar\/sitio\/wp-json\/wp\/v2\/posts"}],"about":[{"href":"https:\/\/eldiariodesanpedro.com.ar\/sitio\/wp-json\/wp\/v2\/types\/post"}],"author":[{"embeddable":true,"href":"https:\/\/eldiariodesanpedro.com.ar\/sitio\/wp-json\/wp\/v2\/users\/4"}],"replies":[{"embeddable":true,"href":"https:\/\/eldiariodesanpedro.com.ar\/sitio\/wp-json\/wp\/v2\/comments?post=33572"}],"version-history":[{"count":1,"href":"https:\/\/eldiariodesanpedro.com.ar\/sitio\/wp-json\/wp\/v2\/posts\/33572\/revisions"}],"predecessor-version":[{"id":33576,"href":"https:\/\/eldiariodesanpedro.com.ar\/sitio\/wp-json\/wp\/v2\/posts\/33572\/revisions\/33576"}],"wp:featuredmedia":[{"embeddable":true,"href":"https:\/\/eldiariodesanpedro.com.ar\/sitio\/wp-json\/wp\/v2\/media\/33575"}],"wp:attachment":[{"href":"https:\/\/eldiariodesanpedro.com.ar\/sitio\/wp-json\/wp\/v2\/media?parent=33572"}],"wp:term":[{"taxonomy":"category","embeddable":true,"href":"https:\/\/eldiariodesanpedro.com.ar\/sitio\/wp-json\/wp\/v2\/categories?post=33572"},{"taxonomy":"post_tag","embeddable":true,"href":"https:\/\/eldiariodesanpedro.com.ar\/sitio\/wp-json\/wp\/v2\/tags?post=33572"}],"curies":[{"name":"wp","href":"https:\/\/api.w.org\/{rel}","templated":true}]}}