{"id":33554,"date":"2018-05-22T12:35:08","date_gmt":"2018-05-22T15:35:08","guid":{"rendered":"https:\/\/eldiariodesanpedro.com.ar\/sitio\/?p=33554"},"modified":"2018-05-22T12:35:08","modified_gmt":"2018-05-22T15:35:08","slug":"el-camion-de-lalcec-avon-estuvo-en-pueblo-doyle","status":"publish","type":"post","link":"https:\/\/eldiariodesanpedro.com.ar\/sitio\/el-camion-de-lalcec-avon-estuvo-en-pueblo-doyle\/","title":{"rendered":"El cami\u00f3n de LALCEC &#8211; AVON estuvo en Pueblo Doyle"},"content":{"rendered":"<p><!-- VideographyWP Plugin Message: Automatic video embedding prevented by plugin options. --><br \/>\nEl lunes pasado se estuvo realizando en la localidad de Pueblo Doyle una campa\u00f1a de prevenci\u00f3n y detecci\u00f3n precoz de c\u00e1ncer de mam\u00e1s a trav\u00e9s de un mam\u00f3grafo m\u00f3vil aportado por la Liga Argentina de lucha contra el c\u00e1ncer (LALCEC-AVON). <\/p>\n<p>La misma se llev\u00f3 a cabo gracias a gestiones realizadas por la secretar\u00eda de salud de la Municipalidad de San Pedro en colaboraci\u00f3n con el Hospital Local de Santa Luc\u00eda. La campa\u00f1a cont\u00f3 con la realizaci\u00f3n de mamograf\u00eda dirigida a mujeres de Santa Luc\u00eda y Pueblo Doyle de 40 a 65 a\u00f1os sin ning\u00fan tipo de cobertura m\u00e9dica y totalmente gratuita. <\/p>\n<p>Los resultados ser\u00e1n entregados por el Hospital Santa Luc\u00eda que se encargar\u00e1 de la atenci\u00f3n o derivaci\u00f3n de las pacientes con probables patolog\u00edas.<\/p>\n<p>Recordemos que este mi\u00e9rcoles y jueves este cami\u00f3n estar\u00e1 presente en nuestra ciudad en la sede de LALCEC San Pedro.<\/p>\n<div data-carousel-extra='{&quot;blog_id&quot;:1,&quot;permalink&quot;:&quot;https:\/\/eldiariodesanpedro.com.ar\/sitio\/el-camion-de-lalcec-avon-estuvo-en-pueblo-doyle\/&quot;}' id='gallery-1' class='gallery galleryid-33554 gallery-columns-3 gallery-size-medium'><figure class='gallery-item'>\n\t\t\t<div class='gallery-icon portrait'>\n\t\t\t\t<a href='https:\/\/eldiariodesanpedro.com.ar\/sitio\/wp-content\/uploads\/2018\/05\/WhatsApp-Image-2018-05-22-at-12.24.34.jpeg'><img decoding=\"async\" width=\"225\" height=\"300\" data-src=\"https:\/\/eldiariodesanpedro.com.ar\/sitio\/wp-content\/uploads\/2018\/05\/WhatsApp-Image-2018-05-22-at-12.24.34-225x300.jpeg\" class=\"attachment-medium size-medium lazyload\" alt=\"El Diario de San Pedro | Noticias locales y regionales\" data-srcset=\"https:\/\/eldiariodesanpedro.com.ar\/sitio\/wp-content\/uploads\/2018\/05\/WhatsApp-Image-2018-05-22-at-12.24.34-225x300.jpeg 225w, https:\/\/eldiariodesanpedro.com.ar\/sitio\/wp-content\/uploads\/2018\/05\/WhatsApp-Image-2018-05-22-at-12.24.34-768x1024.jpeg 768w, https:\/\/eldiariodesanpedro.com.ar\/sitio\/wp-content\/uploads\/2018\/05\/WhatsApp-Image-2018-05-22-at-12.24.34.jpeg 774w\" data-sizes=\"(max-width: 225px) 100vw, 225px\" data-attachment-id=\"33559\" data-permalink=\"https:\/\/eldiariodesanpedro.com.ar\/sitio\/el-camion-de-lalcec-avon-estuvo-en-pueblo-doyle\/whatsapp-image-2018-05-22-at-12-24-34\/\" data-orig-file=\"https:\/\/eldiariodesanpedro.com.ar\/sitio\/wp-content\/uploads\/2018\/05\/WhatsApp-Image-2018-05-22-at-12.24.34.jpeg\" data-orig-size=\"774,1032\" data-comments-opened=\"1\" data-image-meta=\"{&quot;aperture&quot;:&quot;0&quot;,&quot;credit&quot;:&quot;&quot;,&quot;camera&quot;:&quot;&quot;,&quot;caption&quot;:&quot;&quot;,&quot;created_timestamp&quot;:&quot;0&quot;,&quot;copyright&quot;:&quot;&quot;,&quot;focal_length&quot;:&quot;0&quot;,&quot;iso&quot;:&quot;0&quot;,&quot;shutter_speed&quot;:&quot;0&quot;,&quot;title&quot;:&quot;&quot;,&quot;orientation&quot;:&quot;0&quot;}\" data-image-title=\"WhatsApp Image 2018-05-22 at 12.24.34\" data-image-description=\"\" data-image-caption=\"\" data-large-file=\"https:\/\/eldiariodesanpedro.com.ar\/sitio\/wp-content\/uploads\/2018\/05\/WhatsApp-Image-2018-05-22-at-12.24.34-768x1024.jpeg\" src=\"data:image\/svg+xml;base64,PHN2ZyB3aWR0aD0iMSIgaGVpZ2h0PSIxIiB4bWxucz0iaHR0cDovL3d3dy53My5vcmcvMjAwMC9zdmciPjwvc3ZnPg==\" style=\"--smush-placeholder-width: 225px; --smush-placeholder-aspect-ratio: 225\/300;\" \/><\/a>\n\t\t\t<\/div><\/figure><figure class='gallery-item'>\n\t\t\t<div class='gallery-icon landscape'>\n\t\t\t\t<a href='https:\/\/eldiariodesanpedro.com.ar\/sitio\/wp-content\/uploads\/2018\/05\/WhatsApp-Image-2018-05-22-at-12.24.32.jpeg'><img decoding=\"async\" width=\"300\" height=\"225\" data-src=\"https:\/\/eldiariodesanpedro.com.ar\/sitio\/wp-content\/uploads\/2018\/05\/WhatsApp-Image-2018-05-22-at-12.24.32-300x225.jpeg\" class=\"attachment-medium size-medium lazyload\" alt=\"El Diario de San Pedro | Noticias locales y regionales\" data-srcset=\"https:\/\/eldiariodesanpedro.com.ar\/sitio\/wp-content\/uploads\/2018\/05\/WhatsApp-Image-2018-05-22-at-12.24.32-300x225.jpeg 300w, https:\/\/eldiariodesanpedro.com.ar\/sitio\/wp-content\/uploads\/2018\/05\/WhatsApp-Image-2018-05-22-at-12.24.32-768x576.jpeg 768w, https:\/\/eldiariodesanpedro.com.ar\/sitio\/wp-content\/uploads\/2018\/05\/WhatsApp-Image-2018-05-22-at-12.24.32-1024x768.jpeg 1024w, https:\/\/eldiariodesanpedro.com.ar\/sitio\/wp-content\/uploads\/2018\/05\/WhatsApp-Image-2018-05-22-at-12.24.32.jpeg 1032w\" data-sizes=\"(max-width: 300px) 100vw, 300px\" data-attachment-id=\"33557\" data-permalink=\"https:\/\/eldiariodesanpedro.com.ar\/sitio\/el-camion-de-lalcec-avon-estuvo-en-pueblo-doyle\/whatsapp-image-2018-05-22-at-12-24-32\/\" data-orig-file=\"https:\/\/eldiariodesanpedro.com.ar\/sitio\/wp-content\/uploads\/2018\/05\/WhatsApp-Image-2018-05-22-at-12.24.32.jpeg\" data-orig-size=\"1032,774\" data-comments-opened=\"1\" data-image-meta=\"{&quot;aperture&quot;:&quot;0&quot;,&quot;credit&quot;:&quot;&quot;,&quot;camera&quot;:&quot;&quot;,&quot;caption&quot;:&quot;&quot;,&quot;created_timestamp&quot;:&quot;0&quot;,&quot;copyright&quot;:&quot;&quot;,&quot;focal_length&quot;:&quot;0&quot;,&quot;iso&quot;:&quot;0&quot;,&quot;shutter_speed&quot;:&quot;0&quot;,&quot;title&quot;:&quot;&quot;,&quot;orientation&quot;:&quot;0&quot;}\" data-image-title=\"WhatsApp Image 2018-05-22 at 12.24.32\" data-image-description=\"\" data-image-caption=\"\" data-large-file=\"https:\/\/eldiariodesanpedro.com.ar\/sitio\/wp-content\/uploads\/2018\/05\/WhatsApp-Image-2018-05-22-at-12.24.32-1024x768.jpeg\" src=\"data:image\/svg+xml;base64,PHN2ZyB3aWR0aD0iMSIgaGVpZ2h0PSIxIiB4bWxucz0iaHR0cDovL3d3dy53My5vcmcvMjAwMC9zdmciPjwvc3ZnPg==\" style=\"--smush-placeholder-width: 300px; --smush-placeholder-aspect-ratio: 300\/225;\" \/><\/a>\n\t\t\t<\/div><\/figure><figure class='gallery-item'>\n\t\t\t<div class='gallery-icon portrait'>\n\t\t\t\t<a href='https:\/\/eldiariodesanpedro.com.ar\/sitio\/wp-content\/uploads\/2018\/05\/WhatsApp-Image-2018-05-22-at-12.24.431.jpeg'><img decoding=\"async\" width=\"225\" height=\"300\" data-src=\"https:\/\/eldiariodesanpedro.com.ar\/sitio\/wp-content\/uploads\/2018\/05\/WhatsApp-Image-2018-05-22-at-12.24.431-225x300.jpeg\" class=\"attachment-medium size-medium lazyload\" alt=\"El Diario de San Pedro | Noticias locales y regionales\" data-srcset=\"https:\/\/eldiariodesanpedro.com.ar\/sitio\/wp-content\/uploads\/2018\/05\/WhatsApp-Image-2018-05-22-at-12.24.431-225x300.jpeg 225w, https:\/\/eldiariodesanpedro.com.ar\/sitio\/wp-content\/uploads\/2018\/05\/WhatsApp-Image-2018-05-22-at-12.24.431-768x1024.jpeg 768w, https:\/\/eldiariodesanpedro.com.ar\/sitio\/wp-content\/uploads\/2018\/05\/WhatsApp-Image-2018-05-22-at-12.24.431.jpeg 774w\" data-sizes=\"(max-width: 225px) 100vw, 225px\" data-attachment-id=\"33565\" data-permalink=\"https:\/\/eldiariodesanpedro.com.ar\/sitio\/el-camion-de-lalcec-avon-estuvo-en-pueblo-doyle\/whatsapp-image-2018-05-22-at-12-24-431\/\" data-orig-file=\"https:\/\/eldiariodesanpedro.com.ar\/sitio\/wp-content\/uploads\/2018\/05\/WhatsApp-Image-2018-05-22-at-12.24.431.jpeg\" data-orig-size=\"774,1032\" data-comments-opened=\"1\" data-image-meta=\"{&quot;aperture&quot;:&quot;0&quot;,&quot;credit&quot;:&quot;&quot;,&quot;camera&quot;:&quot;&quot;,&quot;caption&quot;:&quot;&quot;,&quot;created_timestamp&quot;:&quot;0&quot;,&quot;copyright&quot;:&quot;&quot;,&quot;focal_length&quot;:&quot;0&quot;,&quot;iso&quot;:&quot;0&quot;,&quot;shutter_speed&quot;:&quot;0&quot;,&quot;title&quot;:&quot;&quot;,&quot;orientation&quot;:&quot;0&quot;}\" data-image-title=\"WhatsApp Image 2018-05-22 at 12.24.43(1)\" data-image-description=\"\" data-image-caption=\"\" data-large-file=\"https:\/\/eldiariodesanpedro.com.ar\/sitio\/wp-content\/uploads\/2018\/05\/WhatsApp-Image-2018-05-22-at-12.24.431-768x1024.jpeg\" src=\"data:image\/svg+xml;base64,PHN2ZyB3aWR0aD0iMSIgaGVpZ2h0PSIxIiB4bWxucz0iaHR0cDovL3d3dy53My5vcmcvMjAwMC9zdmciPjwvc3ZnPg==\" style=\"--smush-placeholder-width: 225px; --smush-placeholder-aspect-ratio: 225\/300;\" \/><\/a>\n\t\t\t<\/div><\/figure><figure class='gallery-item'>\n\t\t\t<div class='gallery-icon landscape'>\n\t\t\t\t<a href='https:\/\/eldiariodesanpedro.com.ar\/sitio\/wp-content\/uploads\/2018\/05\/WhatsApp-Image-2018-05-22-at-12.24.46.jpeg'><img decoding=\"async\" width=\"300\" height=\"225\" data-src=\"https:\/\/eldiariodesanpedro.com.ar\/sitio\/wp-content\/uploads\/2018\/05\/WhatsApp-Image-2018-05-22-at-12.24.46-300x225.jpeg\" class=\"attachment-medium size-medium lazyload\" alt=\"El Diario de San Pedro | Noticias locales y regionales\" data-srcset=\"https:\/\/eldiariodesanpedro.com.ar\/sitio\/wp-content\/uploads\/2018\/05\/WhatsApp-Image-2018-05-22-at-12.24.46-300x225.jpeg 300w, https:\/\/eldiariodesanpedro.com.ar\/sitio\/wp-content\/uploads\/2018\/05\/WhatsApp-Image-2018-05-22-at-12.24.46-768x576.jpeg 768w, https:\/\/eldiariodesanpedro.com.ar\/sitio\/wp-content\/uploads\/2018\/05\/WhatsApp-Image-2018-05-22-at-12.24.46-1024x768.jpeg 1024w, https:\/\/eldiariodesanpedro.com.ar\/sitio\/wp-content\/uploads\/2018\/05\/WhatsApp-Image-2018-05-22-at-12.24.46.jpeg 1032w\" data-sizes=\"(max-width: 300px) 100vw, 300px\" data-attachment-id=\"33568\" data-permalink=\"https:\/\/eldiariodesanpedro.com.ar\/sitio\/el-camion-de-lalcec-avon-estuvo-en-pueblo-doyle\/whatsapp-image-2018-05-22-at-12-24-46\/\" data-orig-file=\"https:\/\/eldiariodesanpedro.com.ar\/sitio\/wp-content\/uploads\/2018\/05\/WhatsApp-Image-2018-05-22-at-12.24.46.jpeg\" data-orig-size=\"1032,774\" data-comments-opened=\"1\" data-image-meta=\"{&quot;aperture&quot;:&quot;0&quot;,&quot;credit&quot;:&quot;&quot;,&quot;camera&quot;:&quot;&quot;,&quot;caption&quot;:&quot;&quot;,&quot;created_timestamp&quot;:&quot;0&quot;,&quot;copyright&quot;:&quot;&quot;,&quot;focal_length&quot;:&quot;0&quot;,&quot;iso&quot;:&quot;0&quot;,&quot;shutter_speed&quot;:&quot;0&quot;,&quot;title&quot;:&quot;&quot;,&quot;orientation&quot;:&quot;0&quot;}\" data-image-title=\"WhatsApp Image 2018-05-22 at 12.24.46\" data-image-description=\"\" data-image-caption=\"\" data-large-file=\"https:\/\/eldiariodesanpedro.com.ar\/sitio\/wp-content\/uploads\/2018\/05\/WhatsApp-Image-2018-05-22-at-12.24.46-1024x768.jpeg\" src=\"data:image\/svg+xml;base64,PHN2ZyB3aWR0aD0iMSIgaGVpZ2h0PSIxIiB4bWxucz0iaHR0cDovL3d3dy53My5vcmcvMjAwMC9zdmciPjwvc3ZnPg==\" style=\"--smush-placeholder-width: 300px; --smush-placeholder-aspect-ratio: 300\/225;\" \/><\/a>\n\t\t\t<\/div><\/figure><figure class='gallery-item'>\n\t\t\t<div class='gallery-icon landscape'>\n\t\t\t\t<a href='https:\/\/eldiariodesanpedro.com.ar\/sitio\/wp-content\/uploads\/2018\/05\/WhatsApp-Image-2018-05-22-at-12.24.37.jpeg'><img decoding=\"async\" width=\"300\" height=\"225\" data-src=\"https:\/\/eldiariodesanpedro.com.ar\/sitio\/wp-content\/uploads\/2018\/05\/WhatsApp-Image-2018-05-22-at-12.24.37-300x225.jpeg\" class=\"attachment-medium size-medium lazyload\" alt=\"El Diario de San Pedro | Noticias locales y regionales\" data-srcset=\"https:\/\/eldiariodesanpedro.com.ar\/sitio\/wp-content\/uploads\/2018\/05\/WhatsApp-Image-2018-05-22-at-12.24.37-300x225.jpeg 300w, https:\/\/eldiariodesanpedro.com.ar\/sitio\/wp-content\/uploads\/2018\/05\/WhatsApp-Image-2018-05-22-at-12.24.37-768x576.jpeg 768w, https:\/\/eldiariodesanpedro.com.ar\/sitio\/wp-content\/uploads\/2018\/05\/WhatsApp-Image-2018-05-22-at-12.24.37-1024x768.jpeg 1024w, https:\/\/eldiariodesanpedro.com.ar\/sitio\/wp-content\/uploads\/2018\/05\/WhatsApp-Image-2018-05-22-at-12.24.37.jpeg 1032w\" data-sizes=\"(max-width: 300px) 100vw, 300px\" data-attachment-id=\"33561\" data-permalink=\"https:\/\/eldiariodesanpedro.com.ar\/sitio\/el-camion-de-lalcec-avon-estuvo-en-pueblo-doyle\/whatsapp-image-2018-05-22-at-12-24-37\/\" data-orig-file=\"https:\/\/eldiariodesanpedro.com.ar\/sitio\/wp-content\/uploads\/2018\/05\/WhatsApp-Image-2018-05-22-at-12.24.37.jpeg\" data-orig-size=\"1032,774\" data-comments-opened=\"1\" data-image-meta=\"{&quot;aperture&quot;:&quot;0&quot;,&quot;credit&quot;:&quot;&quot;,&quot;camera&quot;:&quot;&quot;,&quot;caption&quot;:&quot;&quot;,&quot;created_timestamp&quot;:&quot;0&quot;,&quot;copyright&quot;:&quot;&quot;,&quot;focal_length&quot;:&quot;0&quot;,&quot;iso&quot;:&quot;0&quot;,&quot;shutter_speed&quot;:&quot;0&quot;,&quot;title&quot;:&quot;&quot;,&quot;orientation&quot;:&quot;0&quot;}\" data-image-title=\"WhatsApp Image 2018-05-22 at 12.24.37\" data-image-description=\"\" data-image-caption=\"\" data-large-file=\"https:\/\/eldiariodesanpedro.com.ar\/sitio\/wp-content\/uploads\/2018\/05\/WhatsApp-Image-2018-05-22-at-12.24.37-1024x768.jpeg\" src=\"data:image\/svg+xml;base64,PHN2ZyB3aWR0aD0iMSIgaGVpZ2h0PSIxIiB4bWxucz0iaHR0cDovL3d3dy53My5vcmcvMjAwMC9zdmciPjwvc3ZnPg==\" style=\"--smush-placeholder-width: 300px; --smush-placeholder-aspect-ratio: 300\/225;\" \/><\/a>\n\t\t\t<\/div><\/figure><figure class='gallery-item'>\n\t\t\t<div class='gallery-icon portrait'>\n\t\t\t\t<a href='https:\/\/eldiariodesanpedro.com.ar\/sitio\/wp-content\/uploads\/2018\/05\/WhatsApp-Image-2018-05-22-at-12.24.48.jpeg'><img decoding=\"async\" width=\"225\" height=\"300\" data-src=\"https:\/\/eldiariodesanpedro.com.ar\/sitio\/wp-content\/uploads\/2018\/05\/WhatsApp-Image-2018-05-22-at-12.24.48-225x300.jpeg\" class=\"attachment-medium size-medium lazyload\" alt=\"El Diario de San Pedro | Noticias locales y regionales\" data-srcset=\"https:\/\/eldiariodesanpedro.com.ar\/sitio\/wp-content\/uploads\/2018\/05\/WhatsApp-Image-2018-05-22-at-12.24.48-225x300.jpeg 225w, https:\/\/eldiariodesanpedro.com.ar\/sitio\/wp-content\/uploads\/2018\/05\/WhatsApp-Image-2018-05-22-at-12.24.48-768x1024.jpeg 768w, https:\/\/eldiariodesanpedro.com.ar\/sitio\/wp-content\/uploads\/2018\/05\/WhatsApp-Image-2018-05-22-at-12.24.48.jpeg 774w\" data-sizes=\"(max-width: 225px) 100vw, 225px\" data-attachment-id=\"33569\" data-permalink=\"https:\/\/eldiariodesanpedro.com.ar\/sitio\/el-camion-de-lalcec-avon-estuvo-en-pueblo-doyle\/whatsapp-image-2018-05-22-at-12-24-48\/\" data-orig-file=\"https:\/\/eldiariodesanpedro.com.ar\/sitio\/wp-content\/uploads\/2018\/05\/WhatsApp-Image-2018-05-22-at-12.24.48.jpeg\" data-orig-size=\"774,1032\" data-comments-opened=\"1\" data-image-meta=\"{&quot;aperture&quot;:&quot;0&quot;,&quot;credit&quot;:&quot;&quot;,&quot;camera&quot;:&quot;&quot;,&quot;caption&quot;:&quot;&quot;,&quot;created_timestamp&quot;:&quot;0&quot;,&quot;copyright&quot;:&quot;&quot;,&quot;focal_length&quot;:&quot;0&quot;,&quot;iso&quot;:&quot;0&quot;,&quot;shutter_speed&quot;:&quot;0&quot;,&quot;title&quot;:&quot;&quot;,&quot;orientation&quot;:&quot;0&quot;}\" data-image-title=\"WhatsApp Image 2018-05-22 at 12.24.48\" data-image-description=\"\" data-image-caption=\"\" data-large-file=\"https:\/\/eldiariodesanpedro.com.ar\/sitio\/wp-content\/uploads\/2018\/05\/WhatsApp-Image-2018-05-22-at-12.24.48-768x1024.jpeg\" src=\"data:image\/svg+xml;base64,PHN2ZyB3aWR0aD0iMSIgaGVpZ2h0PSIxIiB4bWxucz0iaHR0cDovL3d3dy53My5vcmcvMjAwMC9zdmciPjwvc3ZnPg==\" style=\"--smush-placeholder-width: 225px; --smush-placeholder-aspect-ratio: 225\/300;\" \/><\/a>\n\t\t\t<\/div><\/figure><figure class='gallery-item'>\n\t\t\t<div class='gallery-icon portrait'>\n\t\t\t\t<a href='https:\/\/eldiariodesanpedro.com.ar\/sitio\/wp-content\/uploads\/2018\/05\/WhatsApp-Image-2018-05-22-at-12.24.38.jpeg'><img decoding=\"async\" width=\"225\" height=\"300\" data-src=\"https:\/\/eldiariodesanpedro.com.ar\/sitio\/wp-content\/uploads\/2018\/05\/WhatsApp-Image-2018-05-22-at-12.24.38-225x300.jpeg\" class=\"attachment-medium size-medium lazyload\" alt=\"El Diario de San Pedro | Noticias locales y regionales\" data-srcset=\"https:\/\/eldiariodesanpedro.com.ar\/sitio\/wp-content\/uploads\/2018\/05\/WhatsApp-Image-2018-05-22-at-12.24.38-225x300.jpeg 225w, https:\/\/eldiariodesanpedro.com.ar\/sitio\/wp-content\/uploads\/2018\/05\/WhatsApp-Image-2018-05-22-at-12.24.38-768x1024.jpeg 768w, https:\/\/eldiariodesanpedro.com.ar\/sitio\/wp-content\/uploads\/2018\/05\/WhatsApp-Image-2018-05-22-at-12.24.38.jpeg 774w\" data-sizes=\"(max-width: 225px) 100vw, 225px\" data-attachment-id=\"33562\" data-permalink=\"https:\/\/eldiariodesanpedro.com.ar\/sitio\/el-camion-de-lalcec-avon-estuvo-en-pueblo-doyle\/whatsapp-image-2018-05-22-at-12-24-38\/\" data-orig-file=\"https:\/\/eldiariodesanpedro.com.ar\/sitio\/wp-content\/uploads\/2018\/05\/WhatsApp-Image-2018-05-22-at-12.24.38.jpeg\" data-orig-size=\"774,1032\" data-comments-opened=\"1\" data-image-meta=\"{&quot;aperture&quot;:&quot;0&quot;,&quot;credit&quot;:&quot;&quot;,&quot;camera&quot;:&quot;&quot;,&quot;caption&quot;:&quot;&quot;,&quot;created_timestamp&quot;:&quot;0&quot;,&quot;copyright&quot;:&quot;&quot;,&quot;focal_length&quot;:&quot;0&quot;,&quot;iso&quot;:&quot;0&quot;,&quot;shutter_speed&quot;:&quot;0&quot;,&quot;title&quot;:&quot;&quot;,&quot;orientation&quot;:&quot;0&quot;}\" data-image-title=\"WhatsApp Image 2018-05-22 at 12.24.38\" data-image-description=\"\" data-image-caption=\"\" data-large-file=\"https:\/\/eldiariodesanpedro.com.ar\/sitio\/wp-content\/uploads\/2018\/05\/WhatsApp-Image-2018-05-22-at-12.24.38-768x1024.jpeg\" src=\"data:image\/svg+xml;base64,PHN2ZyB3aWR0aD0iMSIgaGVpZ2h0PSIxIiB4bWxucz0iaHR0cDovL3d3dy53My5vcmcvMjAwMC9zdmciPjwvc3ZnPg==\" style=\"--smush-placeholder-width: 225px; --smush-placeholder-aspect-ratio: 225\/300;\" \/><\/a>\n\t\t\t<\/div><\/figure><figure class='gallery-item'>\n\t\t\t<div class='gallery-icon landscape'>\n\t\t\t\t<a href='https:\/\/eldiariodesanpedro.com.ar\/sitio\/wp-content\/uploads\/2018\/05\/WhatsApp-Image-2018-05-22-at-12.24.29.jpeg'><img decoding=\"async\" width=\"300\" height=\"225\" data-src=\"https:\/\/eldiariodesanpedro.com.ar\/sitio\/wp-content\/uploads\/2018\/05\/WhatsApp-Image-2018-05-22-at-12.24.29-300x225.jpeg\" class=\"attachment-medium size-medium lazyload\" alt=\"El Diario de San Pedro | Noticias locales y regionales\" data-srcset=\"https:\/\/eldiariodesanpedro.com.ar\/sitio\/wp-content\/uploads\/2018\/05\/WhatsApp-Image-2018-05-22-at-12.24.29-300x225.jpeg 300w, https:\/\/eldiariodesanpedro.com.ar\/sitio\/wp-content\/uploads\/2018\/05\/WhatsApp-Image-2018-05-22-at-12.24.29-768x576.jpeg 768w, https:\/\/eldiariodesanpedro.com.ar\/sitio\/wp-content\/uploads\/2018\/05\/WhatsApp-Image-2018-05-22-at-12.24.29-1024x768.jpeg 1024w, https:\/\/eldiariodesanpedro.com.ar\/sitio\/wp-content\/uploads\/2018\/05\/WhatsApp-Image-2018-05-22-at-12.24.29.jpeg 1032w\" data-sizes=\"(max-width: 300px) 100vw, 300px\" data-attachment-id=\"33555\" data-permalink=\"https:\/\/eldiariodesanpedro.com.ar\/sitio\/el-camion-de-lalcec-avon-estuvo-en-pueblo-doyle\/whatsapp-image-2018-05-22-at-12-24-29\/\" data-orig-file=\"https:\/\/eldiariodesanpedro.com.ar\/sitio\/wp-content\/uploads\/2018\/05\/WhatsApp-Image-2018-05-22-at-12.24.29.jpeg\" data-orig-size=\"1032,774\" data-comments-opened=\"1\" data-image-meta=\"{&quot;aperture&quot;:&quot;0&quot;,&quot;credit&quot;:&quot;&quot;,&quot;camera&quot;:&quot;&quot;,&quot;caption&quot;:&quot;&quot;,&quot;created_timestamp&quot;:&quot;0&quot;,&quot;copyright&quot;:&quot;&quot;,&quot;focal_length&quot;:&quot;0&quot;,&quot;iso&quot;:&quot;0&quot;,&quot;shutter_speed&quot;:&quot;0&quot;,&quot;title&quot;:&quot;&quot;,&quot;orientation&quot;:&quot;0&quot;}\" data-image-title=\"WhatsApp Image 2018-05-22 at 12.24.29\" data-image-description=\"\" data-image-caption=\"\" data-large-file=\"https:\/\/eldiariodesanpedro.com.ar\/sitio\/wp-content\/uploads\/2018\/05\/WhatsApp-Image-2018-05-22-at-12.24.29-1024x768.jpeg\" src=\"data:image\/svg+xml;base64,PHN2ZyB3aWR0aD0iMSIgaGVpZ2h0PSIxIiB4bWxucz0iaHR0cDovL3d3dy53My5vcmcvMjAwMC9zdmciPjwvc3ZnPg==\" style=\"--smush-placeholder-width: 300px; --smush-placeholder-aspect-ratio: 300\/225;\" \/><\/a>\n\t\t\t<\/div><\/figure><figure class='gallery-item'>\n\t\t\t<div class='gallery-icon portrait'>\n\t\t\t\t<a href='https:\/\/eldiariodesanpedro.com.ar\/sitio\/wp-content\/uploads\/2018\/05\/WhatsApp-Image-2018-05-22-at-12.24.321.jpeg'><img decoding=\"async\" width=\"225\" height=\"300\" data-src=\"https:\/\/eldiariodesanpedro.com.ar\/sitio\/wp-content\/uploads\/2018\/05\/WhatsApp-Image-2018-05-22-at-12.24.321-225x300.jpeg\" class=\"attachment-medium size-medium lazyload\" alt=\"El Diario de San Pedro | Noticias locales y regionales\" data-srcset=\"https:\/\/eldiariodesanpedro.com.ar\/sitio\/wp-content\/uploads\/2018\/05\/WhatsApp-Image-2018-05-22-at-12.24.321-225x300.jpeg 225w, https:\/\/eldiariodesanpedro.com.ar\/sitio\/wp-content\/uploads\/2018\/05\/WhatsApp-Image-2018-05-22-at-12.24.321-768x1024.jpeg 768w, https:\/\/eldiariodesanpedro.com.ar\/sitio\/wp-content\/uploads\/2018\/05\/WhatsApp-Image-2018-05-22-at-12.24.321.jpeg 774w\" data-sizes=\"(max-width: 225px) 100vw, 225px\" data-attachment-id=\"33556\" data-permalink=\"https:\/\/eldiariodesanpedro.com.ar\/sitio\/el-camion-de-lalcec-avon-estuvo-en-pueblo-doyle\/whatsapp-image-2018-05-22-at-12-24-321\/\" data-orig-file=\"https:\/\/eldiariodesanpedro.com.ar\/sitio\/wp-content\/uploads\/2018\/05\/WhatsApp-Image-2018-05-22-at-12.24.321.jpeg\" data-orig-size=\"774,1032\" data-comments-opened=\"1\" data-image-meta=\"{&quot;aperture&quot;:&quot;0&quot;,&quot;credit&quot;:&quot;&quot;,&quot;camera&quot;:&quot;&quot;,&quot;caption&quot;:&quot;&quot;,&quot;created_timestamp&quot;:&quot;0&quot;,&quot;copyright&quot;:&quot;&quot;,&quot;focal_length&quot;:&quot;0&quot;,&quot;iso&quot;:&quot;0&quot;,&quot;shutter_speed&quot;:&quot;0&quot;,&quot;title&quot;:&quot;&quot;,&quot;orientation&quot;:&quot;0&quot;}\" data-image-title=\"WhatsApp Image 2018-05-22 at 12.24.32(1)\" data-image-description=\"\" data-image-caption=\"\" data-large-file=\"https:\/\/eldiariodesanpedro.com.ar\/sitio\/wp-content\/uploads\/2018\/05\/WhatsApp-Image-2018-05-22-at-12.24.321-768x1024.jpeg\" src=\"data:image\/svg+xml;base64,PHN2ZyB3aWR0aD0iMSIgaGVpZ2h0PSIxIiB4bWxucz0iaHR0cDovL3d3dy53My5vcmcvMjAwMC9zdmciPjwvc3ZnPg==\" style=\"--smush-placeholder-width: 225px; --smush-placeholder-aspect-ratio: 225\/300;\" \/><\/a>\n\t\t\t<\/div><\/figure><figure class='gallery-item'>\n\t\t\t<div class='gallery-icon portrait'>\n\t\t\t\t<a href='https:\/\/eldiariodesanpedro.com.ar\/sitio\/wp-content\/uploads\/2018\/05\/WhatsApp-Image-2018-05-22-at-12.24.49.jpeg'><img decoding=\"async\" width=\"225\" height=\"300\" data-src=\"https:\/\/eldiariodesanpedro.com.ar\/sitio\/wp-content\/uploads\/2018\/05\/WhatsApp-Image-2018-05-22-at-12.24.49-225x300.jpeg\" class=\"attachment-medium size-medium lazyload\" alt=\"El Diario de San Pedro | Noticias locales y regionales\" data-srcset=\"https:\/\/eldiariodesanpedro.com.ar\/sitio\/wp-content\/uploads\/2018\/05\/WhatsApp-Image-2018-05-22-at-12.24.49-225x300.jpeg 225w, https:\/\/eldiariodesanpedro.com.ar\/sitio\/wp-content\/uploads\/2018\/05\/WhatsApp-Image-2018-05-22-at-12.24.49-768x1024.jpeg 768w, https:\/\/eldiariodesanpedro.com.ar\/sitio\/wp-content\/uploads\/2018\/05\/WhatsApp-Image-2018-05-22-at-12.24.49.jpeg 774w\" data-sizes=\"(max-width: 225px) 100vw, 225px\" data-attachment-id=\"33570\" data-permalink=\"https:\/\/eldiariodesanpedro.com.ar\/sitio\/el-camion-de-lalcec-avon-estuvo-en-pueblo-doyle\/whatsapp-image-2018-05-22-at-12-24-49\/\" data-orig-file=\"https:\/\/eldiariodesanpedro.com.ar\/sitio\/wp-content\/uploads\/2018\/05\/WhatsApp-Image-2018-05-22-at-12.24.49.jpeg\" data-orig-size=\"774,1032\" data-comments-opened=\"1\" data-image-meta=\"{&quot;aperture&quot;:&quot;0&quot;,&quot;credit&quot;:&quot;&quot;,&quot;camera&quot;:&quot;&quot;,&quot;caption&quot;:&quot;&quot;,&quot;created_timestamp&quot;:&quot;0&quot;,&quot;copyright&quot;:&quot;&quot;,&quot;focal_length&quot;:&quot;0&quot;,&quot;iso&quot;:&quot;0&quot;,&quot;shutter_speed&quot;:&quot;0&quot;,&quot;title&quot;:&quot;&quot;,&quot;orientation&quot;:&quot;0&quot;}\" data-image-title=\"WhatsApp Image 2018-05-22 at 12.24.49\" data-image-description=\"\" data-image-caption=\"\" data-large-file=\"https:\/\/eldiariodesanpedro.com.ar\/sitio\/wp-content\/uploads\/2018\/05\/WhatsApp-Image-2018-05-22-at-12.24.49-768x1024.jpeg\" src=\"data:image\/svg+xml;base64,PHN2ZyB3aWR0aD0iMSIgaGVpZ2h0PSIxIiB4bWxucz0iaHR0cDovL3d3dy53My5vcmcvMjAwMC9zdmciPjwvc3ZnPg==\" style=\"--smush-placeholder-width: 225px; --smush-placeholder-aspect-ratio: 225\/300;\" \/><\/a>\n\t\t\t<\/div><\/figure><figure class='gallery-item'>\n\t\t\t<div class='gallery-icon portrait'>\n\t\t\t\t<a href='https:\/\/eldiariodesanpedro.com.ar\/sitio\/wp-content\/uploads\/2018\/05\/WhatsApp-Image-2018-05-22-at-12.24.42.jpeg'><img decoding=\"async\" width=\"225\" height=\"300\" data-src=\"https:\/\/eldiariodesanpedro.com.ar\/sitio\/wp-content\/uploads\/2018\/05\/WhatsApp-Image-2018-05-22-at-12.24.42-225x300.jpeg\" class=\"attachment-medium size-medium lazyload\" alt=\"El Diario de San Pedro | Noticias locales y regionales\" data-srcset=\"https:\/\/eldiariodesanpedro.com.ar\/sitio\/wp-content\/uploads\/2018\/05\/WhatsApp-Image-2018-05-22-at-12.24.42-225x300.jpeg 225w, https:\/\/eldiariodesanpedro.com.ar\/sitio\/wp-content\/uploads\/2018\/05\/WhatsApp-Image-2018-05-22-at-12.24.42-768x1024.jpeg 768w, https:\/\/eldiariodesanpedro.com.ar\/sitio\/wp-content\/uploads\/2018\/05\/WhatsApp-Image-2018-05-22-at-12.24.42.jpeg 774w\" data-sizes=\"(max-width: 225px) 100vw, 225px\" data-attachment-id=\"33564\" data-permalink=\"https:\/\/eldiariodesanpedro.com.ar\/sitio\/el-camion-de-lalcec-avon-estuvo-en-pueblo-doyle\/whatsapp-image-2018-05-22-at-12-24-42\/\" data-orig-file=\"https:\/\/eldiariodesanpedro.com.ar\/sitio\/wp-content\/uploads\/2018\/05\/WhatsApp-Image-2018-05-22-at-12.24.42.jpeg\" data-orig-size=\"774,1032\" data-comments-opened=\"1\" data-image-meta=\"{&quot;aperture&quot;:&quot;0&quot;,&quot;credit&quot;:&quot;&quot;,&quot;camera&quot;:&quot;&quot;,&quot;caption&quot;:&quot;&quot;,&quot;created_timestamp&quot;:&quot;0&quot;,&quot;copyright&quot;:&quot;&quot;,&quot;focal_length&quot;:&quot;0&quot;,&quot;iso&quot;:&quot;0&quot;,&quot;shutter_speed&quot;:&quot;0&quot;,&quot;title&quot;:&quot;&quot;,&quot;orientation&quot;:&quot;0&quot;}\" data-image-title=\"WhatsApp Image 2018-05-22 at 12.24.42\" data-image-description=\"\" data-image-caption=\"\" data-large-file=\"https:\/\/eldiariodesanpedro.com.ar\/sitio\/wp-content\/uploads\/2018\/05\/WhatsApp-Image-2018-05-22-at-12.24.42-768x1024.jpeg\" src=\"data:image\/svg+xml;base64,PHN2ZyB3aWR0aD0iMSIgaGVpZ2h0PSIxIiB4bWxucz0iaHR0cDovL3d3dy53My5vcmcvMjAwMC9zdmciPjwvc3ZnPg==\" style=\"--smush-placeholder-width: 225px; --smush-placeholder-aspect-ratio: 225\/300;\" \/><\/a>\n\t\t\t<\/div><\/figure><figure class='gallery-item'>\n\t\t\t<div class='gallery-icon landscape'>\n\t\t\t\t<a href='https:\/\/eldiariodesanpedro.com.ar\/sitio\/wp-content\/uploads\/2018\/05\/WhatsApp-Image-2018-05-22-at-12.24.35.jpeg'><img decoding=\"async\" width=\"300\" height=\"225\" data-src=\"https:\/\/eldiariodesanpedro.com.ar\/sitio\/wp-content\/uploads\/2018\/05\/WhatsApp-Image-2018-05-22-at-12.24.35-300x225.jpeg\" class=\"attachment-medium size-medium lazyload\" alt=\"El Diario de San Pedro | Noticias locales y regionales\" data-srcset=\"https:\/\/eldiariodesanpedro.com.ar\/sitio\/wp-content\/uploads\/2018\/05\/WhatsApp-Image-2018-05-22-at-12.24.35-300x225.jpeg 300w, https:\/\/eldiariodesanpedro.com.ar\/sitio\/wp-content\/uploads\/2018\/05\/WhatsApp-Image-2018-05-22-at-12.24.35-768x576.jpeg 768w, https:\/\/eldiariodesanpedro.com.ar\/sitio\/wp-content\/uploads\/2018\/05\/WhatsApp-Image-2018-05-22-at-12.24.35-1024x768.jpeg 1024w, https:\/\/eldiariodesanpedro.com.ar\/sitio\/wp-content\/uploads\/2018\/05\/WhatsApp-Image-2018-05-22-at-12.24.35.jpeg 1032w\" data-sizes=\"(max-width: 300px) 100vw, 300px\" data-attachment-id=\"33560\" data-permalink=\"https:\/\/eldiariodesanpedro.com.ar\/sitio\/el-camion-de-lalcec-avon-estuvo-en-pueblo-doyle\/whatsapp-image-2018-05-22-at-12-24-35\/\" data-orig-file=\"https:\/\/eldiariodesanpedro.com.ar\/sitio\/wp-content\/uploads\/2018\/05\/WhatsApp-Image-2018-05-22-at-12.24.35.jpeg\" data-orig-size=\"1032,774\" data-comments-opened=\"1\" data-image-meta=\"{&quot;aperture&quot;:&quot;0&quot;,&quot;credit&quot;:&quot;&quot;,&quot;camera&quot;:&quot;&quot;,&quot;caption&quot;:&quot;&quot;,&quot;created_timestamp&quot;:&quot;0&quot;,&quot;copyright&quot;:&quot;&quot;,&quot;focal_length&quot;:&quot;0&quot;,&quot;iso&quot;:&quot;0&quot;,&quot;shutter_speed&quot;:&quot;0&quot;,&quot;title&quot;:&quot;&quot;,&quot;orientation&quot;:&quot;0&quot;}\" data-image-title=\"WhatsApp Image 2018-05-22 at 12.24.35\" data-image-description=\"\" data-image-caption=\"\" data-large-file=\"https:\/\/eldiariodesanpedro.com.ar\/sitio\/wp-content\/uploads\/2018\/05\/WhatsApp-Image-2018-05-22-at-12.24.35-1024x768.jpeg\" src=\"data:image\/svg+xml;base64,PHN2ZyB3aWR0aD0iMSIgaGVpZ2h0PSIxIiB4bWxucz0iaHR0cDovL3d3dy53My5vcmcvMjAwMC9zdmciPjwvc3ZnPg==\" style=\"--smush-placeholder-width: 300px; --smush-placeholder-aspect-ratio: 300\/225;\" \/><\/a>\n\t\t\t<\/div><\/figure><figure class='gallery-item'>\n\t\t\t<div class='gallery-icon portrait'>\n\t\t\t\t<a href='https:\/\/eldiariodesanpedro.com.ar\/sitio\/wp-content\/uploads\/2018\/05\/WhatsApp-Image-2018-05-22-at-12.24.41.jpeg'><img decoding=\"async\" width=\"225\" height=\"300\" data-src=\"https:\/\/eldiariodesanpedro.com.ar\/sitio\/wp-content\/uploads\/2018\/05\/WhatsApp-Image-2018-05-22-at-12.24.41-225x300.jpeg\" class=\"attachment-medium size-medium lazyload\" alt=\"El Diario de San Pedro | Noticias locales y regionales\" data-srcset=\"https:\/\/eldiariodesanpedro.com.ar\/sitio\/wp-content\/uploads\/2018\/05\/WhatsApp-Image-2018-05-22-at-12.24.41-225x300.jpeg 225w, https:\/\/eldiariodesanpedro.com.ar\/sitio\/wp-content\/uploads\/2018\/05\/WhatsApp-Image-2018-05-22-at-12.24.41-768x1024.jpeg 768w, https:\/\/eldiariodesanpedro.com.ar\/sitio\/wp-content\/uploads\/2018\/05\/WhatsApp-Image-2018-05-22-at-12.24.41.jpeg 774w\" data-sizes=\"(max-width: 225px) 100vw, 225px\" data-attachment-id=\"33563\" data-permalink=\"https:\/\/eldiariodesanpedro.com.ar\/sitio\/el-camion-de-lalcec-avon-estuvo-en-pueblo-doyle\/whatsapp-image-2018-05-22-at-12-24-41\/\" data-orig-file=\"https:\/\/eldiariodesanpedro.com.ar\/sitio\/wp-content\/uploads\/2018\/05\/WhatsApp-Image-2018-05-22-at-12.24.41.jpeg\" data-orig-size=\"774,1032\" data-comments-opened=\"1\" data-image-meta=\"{&quot;aperture&quot;:&quot;0&quot;,&quot;credit&quot;:&quot;&quot;,&quot;camera&quot;:&quot;&quot;,&quot;caption&quot;:&quot;&quot;,&quot;created_timestamp&quot;:&quot;0&quot;,&quot;copyright&quot;:&quot;&quot;,&quot;focal_length&quot;:&quot;0&quot;,&quot;iso&quot;:&quot;0&quot;,&quot;shutter_speed&quot;:&quot;0&quot;,&quot;title&quot;:&quot;&quot;,&quot;orientation&quot;:&quot;0&quot;}\" data-image-title=\"WhatsApp Image 2018-05-22 at 12.24.41\" data-image-description=\"\" data-image-caption=\"\" data-large-file=\"https:\/\/eldiariodesanpedro.com.ar\/sitio\/wp-content\/uploads\/2018\/05\/WhatsApp-Image-2018-05-22-at-12.24.41-768x1024.jpeg\" src=\"data:image\/svg+xml;base64,PHN2ZyB3aWR0aD0iMSIgaGVpZ2h0PSIxIiB4bWxucz0iaHR0cDovL3d3dy53My5vcmcvMjAwMC9zdmciPjwvc3ZnPg==\" style=\"--smush-placeholder-width: 225px; --smush-placeholder-aspect-ratio: 225\/300;\" \/><\/a>\n\t\t\t<\/div><\/figure><figure class='gallery-item'>\n\t\t\t<div class='gallery-icon portrait'>\n\t\t\t\t<a href='https:\/\/eldiariodesanpedro.com.ar\/sitio\/wp-content\/uploads\/2018\/05\/WhatsApp-Image-2018-05-22-at-12.24.33.jpeg'><img decoding=\"async\" width=\"225\" height=\"300\" data-src=\"https:\/\/eldiariodesanpedro.com.ar\/sitio\/wp-content\/uploads\/2018\/05\/WhatsApp-Image-2018-05-22-at-12.24.33-225x300.jpeg\" class=\"attachment-medium size-medium lazyload\" alt=\"El Diario de San Pedro | Noticias locales y regionales\" data-srcset=\"https:\/\/eldiariodesanpedro.com.ar\/sitio\/wp-content\/uploads\/2018\/05\/WhatsApp-Image-2018-05-22-at-12.24.33-225x300.jpeg 225w, https:\/\/eldiariodesanpedro.com.ar\/sitio\/wp-content\/uploads\/2018\/05\/WhatsApp-Image-2018-05-22-at-12.24.33-768x1024.jpeg 768w, https:\/\/eldiariodesanpedro.com.ar\/sitio\/wp-content\/uploads\/2018\/05\/WhatsApp-Image-2018-05-22-at-12.24.33.jpeg 774w\" data-sizes=\"(max-width: 225px) 100vw, 225px\" data-attachment-id=\"33558\" data-permalink=\"https:\/\/eldiariodesanpedro.com.ar\/sitio\/el-camion-de-lalcec-avon-estuvo-en-pueblo-doyle\/whatsapp-image-2018-05-22-at-12-24-33\/\" data-orig-file=\"https:\/\/eldiariodesanpedro.com.ar\/sitio\/wp-content\/uploads\/2018\/05\/WhatsApp-Image-2018-05-22-at-12.24.33.jpeg\" data-orig-size=\"774,1032\" data-comments-opened=\"1\" data-image-meta=\"{&quot;aperture&quot;:&quot;0&quot;,&quot;credit&quot;:&quot;&quot;,&quot;camera&quot;:&quot;&quot;,&quot;caption&quot;:&quot;&quot;,&quot;created_timestamp&quot;:&quot;0&quot;,&quot;copyright&quot;:&quot;&quot;,&quot;focal_length&quot;:&quot;0&quot;,&quot;iso&quot;:&quot;0&quot;,&quot;shutter_speed&quot;:&quot;0&quot;,&quot;title&quot;:&quot;&quot;,&quot;orientation&quot;:&quot;0&quot;}\" data-image-title=\"WhatsApp Image 2018-05-22 at 12.24.33\" data-image-description=\"\" data-image-caption=\"\" data-large-file=\"https:\/\/eldiariodesanpedro.com.ar\/sitio\/wp-content\/uploads\/2018\/05\/WhatsApp-Image-2018-05-22-at-12.24.33-768x1024.jpeg\" src=\"data:image\/svg+xml;base64,PHN2ZyB3aWR0aD0iMSIgaGVpZ2h0PSIxIiB4bWxucz0iaHR0cDovL3d3dy53My5vcmcvMjAwMC9zdmciPjwvc3ZnPg==\" style=\"--smush-placeholder-width: 225px; --smush-placeholder-aspect-ratio: 225\/300;\" \/><\/a>\n\t\t\t<\/div><\/figure><figure class='gallery-item'>\n\t\t\t<div class='gallery-icon portrait'>\n\t\t\t\t<a href='https:\/\/eldiariodesanpedro.com.ar\/sitio\/wp-content\/uploads\/2018\/05\/WhatsApp-Image-2018-05-22-at-12.24.43.jpeg'><img decoding=\"async\" width=\"225\" height=\"300\" data-src=\"https:\/\/eldiariodesanpedro.com.ar\/sitio\/wp-content\/uploads\/2018\/05\/WhatsApp-Image-2018-05-22-at-12.24.43-225x300.jpeg\" class=\"attachment-medium size-medium lazyload\" alt=\"El Diario de San Pedro | Noticias locales y regionales\" data-srcset=\"https:\/\/eldiariodesanpedro.com.ar\/sitio\/wp-content\/uploads\/2018\/05\/WhatsApp-Image-2018-05-22-at-12.24.43-225x300.jpeg 225w, https:\/\/eldiariodesanpedro.com.ar\/sitio\/wp-content\/uploads\/2018\/05\/WhatsApp-Image-2018-05-22-at-12.24.43-768x1024.jpeg 768w, https:\/\/eldiariodesanpedro.com.ar\/sitio\/wp-content\/uploads\/2018\/05\/WhatsApp-Image-2018-05-22-at-12.24.43.jpeg 774w\" data-sizes=\"(max-width: 225px) 100vw, 225px\" data-attachment-id=\"33566\" data-permalink=\"https:\/\/eldiariodesanpedro.com.ar\/sitio\/el-camion-de-lalcec-avon-estuvo-en-pueblo-doyle\/whatsapp-image-2018-05-22-at-12-24-43\/\" data-orig-file=\"https:\/\/eldiariodesanpedro.com.ar\/sitio\/wp-content\/uploads\/2018\/05\/WhatsApp-Image-2018-05-22-at-12.24.43.jpeg\" data-orig-size=\"774,1032\" data-comments-opened=\"1\" data-image-meta=\"{&quot;aperture&quot;:&quot;0&quot;,&quot;credit&quot;:&quot;&quot;,&quot;camera&quot;:&quot;&quot;,&quot;caption&quot;:&quot;&quot;,&quot;created_timestamp&quot;:&quot;0&quot;,&quot;copyright&quot;:&quot;&quot;,&quot;focal_length&quot;:&quot;0&quot;,&quot;iso&quot;:&quot;0&quot;,&quot;shutter_speed&quot;:&quot;0&quot;,&quot;title&quot;:&quot;&quot;,&quot;orientation&quot;:&quot;0&quot;}\" data-image-title=\"WhatsApp Image 2018-05-22 at 12.24.43\" data-image-description=\"\" data-image-caption=\"\" data-large-file=\"https:\/\/eldiariodesanpedro.com.ar\/sitio\/wp-content\/uploads\/2018\/05\/WhatsApp-Image-2018-05-22-at-12.24.43-768x1024.jpeg\" src=\"data:image\/svg+xml;base64,PHN2ZyB3aWR0aD0iMSIgaGVpZ2h0PSIxIiB4bWxucz0iaHR0cDovL3d3dy53My5vcmcvMjAwMC9zdmciPjwvc3ZnPg==\" style=\"--smush-placeholder-width: 225px; --smush-placeholder-aspect-ratio: 225\/300;\" \/><\/a>\n\t\t\t<\/div><\/figure><figure class='gallery-item'>\n\t\t\t<div class='gallery-icon portrait'>\n\t\t\t\t<a href='https:\/\/eldiariodesanpedro.com.ar\/sitio\/wp-content\/uploads\/2018\/05\/WhatsApp-Image-2018-05-22-at-12.24.45.jpeg'><img decoding=\"async\" width=\"225\" height=\"300\" data-src=\"https:\/\/eldiariodesanpedro.com.ar\/sitio\/wp-content\/uploads\/2018\/05\/WhatsApp-Image-2018-05-22-at-12.24.45-225x300.jpeg\" class=\"attachment-medium size-medium lazyload\" alt=\"El Diario de San Pedro | Noticias locales y regionales\" data-srcset=\"https:\/\/eldiariodesanpedro.com.ar\/sitio\/wp-content\/uploads\/2018\/05\/WhatsApp-Image-2018-05-22-at-12.24.45-225x300.jpeg 225w, https:\/\/eldiariodesanpedro.com.ar\/sitio\/wp-content\/uploads\/2018\/05\/WhatsApp-Image-2018-05-22-at-12.24.45-768x1024.jpeg 768w, https:\/\/eldiariodesanpedro.com.ar\/sitio\/wp-content\/uploads\/2018\/05\/WhatsApp-Image-2018-05-22-at-12.24.45.jpeg 774w\" data-sizes=\"(max-width: 225px) 100vw, 225px\" data-attachment-id=\"33567\" data-permalink=\"https:\/\/eldiariodesanpedro.com.ar\/sitio\/el-camion-de-lalcec-avon-estuvo-en-pueblo-doyle\/whatsapp-image-2018-05-22-at-12-24-45\/\" data-orig-file=\"https:\/\/eldiariodesanpedro.com.ar\/sitio\/wp-content\/uploads\/2018\/05\/WhatsApp-Image-2018-05-22-at-12.24.45.jpeg\" data-orig-size=\"774,1032\" data-comments-opened=\"1\" data-image-meta=\"{&quot;aperture&quot;:&quot;0&quot;,&quot;credit&quot;:&quot;&quot;,&quot;camera&quot;:&quot;&quot;,&quot;caption&quot;:&quot;&quot;,&quot;created_timestamp&quot;:&quot;0&quot;,&quot;copyright&quot;:&quot;&quot;,&quot;focal_length&quot;:&quot;0&quot;,&quot;iso&quot;:&quot;0&quot;,&quot;shutter_speed&quot;:&quot;0&quot;,&quot;title&quot;:&quot;&quot;,&quot;orientation&quot;:&quot;0&quot;}\" data-image-title=\"WhatsApp Image 2018-05-22 at 12.24.45\" data-image-description=\"\" data-image-caption=\"\" data-large-file=\"https:\/\/eldiariodesanpedro.com.ar\/sitio\/wp-content\/uploads\/2018\/05\/WhatsApp-Image-2018-05-22-at-12.24.45-768x1024.jpeg\" src=\"data:image\/svg+xml;base64,PHN2ZyB3aWR0aD0iMSIgaGVpZ2h0PSIxIiB4bWxucz0iaHR0cDovL3d3dy53My5vcmcvMjAwMC9zdmciPjwvc3ZnPg==\" style=\"--smush-placeholder-width: 225px; --smush-placeholder-aspect-ratio: 225\/300;\" \/><\/a>\n\t\t\t<\/div><\/figure>\n\t\t<\/div>\n\n","protected":false},"excerpt":{"rendered":"<p>El lunes pasado se estuvo realizando en la localidad de Pueblo Doyle una campa\u00f1a de prevenci\u00f3n y detecci\u00f3n precoz de c\u00e1ncer de mam\u00e1s a trav\u00e9s de un mam\u00f3grafo m\u00f3vil aportado por la Liga Argentina de lucha contra el c\u00e1ncer (LALCEC-AVON). La misma se llev\u00f3 a cabo gracias a gestiones realizadas por la secretar\u00eda de salud [&hellip;]<\/p>\n","protected":false},"author":4,"featured_media":33557,"comment_status":"open","ping_status":"closed","sticky":false,"template":"","format":"standard","meta":{"om_disable_all_campaigns":false,"_jetpack_memberships_contains_paid_content":false,"footnotes":""},"categories":[101,2],"tags":[],"class_list":["post-33554","post","type-post","status-publish","format-standard","has-post-thumbnail","hentry","category-interes-general-locales","category-locales"],"aioseo_notices":[],"gutentor_comment":0,"jetpack_featured_media_url":"https:\/\/eldiariodesanpedro.com.ar\/sitio\/wp-content\/uploads\/2018\/05\/WhatsApp-Image-2018-05-22-at-12.24.32.jpeg","jetpack_shortlink":"https:\/\/wp.me\/p6RhLt-8Jc","jetpack_sharing_enabled":true,"_links":{"self":[{"href":"https:\/\/eldiariodesanpedro.com.ar\/sitio\/wp-json\/wp\/v2\/posts\/33554","targetHints":{"allow":["GET"]}}],"collection":[{"href":"https:\/\/eldiariodesanpedro.com.ar\/sitio\/wp-json\/wp\/v2\/posts"}],"about":[{"href":"https:\/\/eldiariodesanpedro.com.ar\/sitio\/wp-json\/wp\/v2\/types\/post"}],"author":[{"embeddable":true,"href":"https:\/\/eldiariodesanpedro.com.ar\/sitio\/wp-json\/wp\/v2\/users\/4"}],"replies":[{"embeddable":true,"href":"https:\/\/eldiariodesanpedro.com.ar\/sitio\/wp-json\/wp\/v2\/comments?post=33554"}],"version-history":[{"count":1,"href":"https:\/\/eldiariodesanpedro.com.ar\/sitio\/wp-json\/wp\/v2\/posts\/33554\/revisions"}],"predecessor-version":[{"id":33571,"href":"https:\/\/eldiariodesanpedro.com.ar\/sitio\/wp-json\/wp\/v2\/posts\/33554\/revisions\/33571"}],"wp:featuredmedia":[{"embeddable":true,"href":"https:\/\/eldiariodesanpedro.com.ar\/sitio\/wp-json\/wp\/v2\/media\/33557"}],"wp:attachment":[{"href":"https:\/\/eldiariodesanpedro.com.ar\/sitio\/wp-json\/wp\/v2\/media?parent=33554"}],"wp:term":[{"taxonomy":"category","embeddable":true,"href":"https:\/\/eldiariodesanpedro.com.ar\/sitio\/wp-json\/wp\/v2\/categories?post=33554"},{"taxonomy":"post_tag","embeddable":true,"href":"https:\/\/eldiariodesanpedro.com.ar\/sitio\/wp-json\/wp\/v2\/tags?post=33554"}],"curies":[{"name":"wp","href":"https:\/\/api.w.org\/{rel}","templated":true}]}}