{"id":33551,"date":"2018-05-22T10:25:44","date_gmt":"2018-05-22T13:25:44","guid":{"rendered":"https:\/\/eldiariodesanpedro.com.ar\/sitio\/?p=33551"},"modified":"2018-05-22T10:25:44","modified_gmt":"2018-05-22T13:25:44","slug":"una-tolva-dejo-sin-luz-a-40-viviendas-de-villa-jardin","status":"publish","type":"post","link":"https:\/\/eldiariodesanpedro.com.ar\/sitio\/una-tolva-dejo-sin-luz-a-40-viviendas-de-villa-jardin\/","title":{"rendered":"Una tolva dej\u00f3 sin luz a 40 viviendas de Villa Jard\u00edn"},"content":{"rendered":"<p><!-- VideographyWP Plugin Message: Automatic video embedding prevented by plugin options. --><br \/>\nUn vecino del paraje de Villa Jard\u00edn realiz\u00f3 una denuncia en la comisar\u00eda local donde declara que una tolva arranc\u00f3 el cableado p\u00fablico y dej\u00f3 sin luz a 40 viviendas del lugar.<\/p>\n<p>Los sucesos ocurrieron este lunes cuando una tolva que sal\u00eda desde un campo al pasar por el Moj\u00f3n 211 por el camino al aeroclub, un vecino se da cuenta que arrastra todo el cableado p\u00fablico de la zona dejando sin luz a 40 viviendas del Paraje Villa Jardin, provocando da\u00f1os en los pilares de luz y quemando varios artefactos el\u00e9ctricos de los vecinos. <\/p>\n","protected":false},"excerpt":{"rendered":"<p>Un vecino del paraje de Villa Jard\u00edn realiz\u00f3 una denuncia en la comisar\u00eda local donde declara que una tolva arranc\u00f3 el cableado p\u00fablico y dej\u00f3 sin luz a 40 viviendas del lugar. Los sucesos ocurrieron este lunes cuando una tolva que sal\u00eda desde un campo al pasar por el Moj\u00f3n 211 por el camino al [&hellip;]<\/p>\n","protected":false},"author":4,"featured_media":33552,"comment_status":"open","ping_status":"closed","sticky":false,"template":"","format":"standard","meta":{"om_disable_all_campaigns":false,"_jetpack_memberships_contains_paid_content":false,"footnotes":""},"categories":[2,103],"tags":[],"class_list":["post-33551","post","type-post","status-publish","format-standard","has-post-thumbnail","hentry","category-locales","category-policiales-locales"],"aioseo_notices":[],"gutentor_comment":0,"jetpack_featured_media_url":"https:\/\/eldiariodesanpedro.com.ar\/sitio\/wp-content\/uploads\/2018\/05\/Tolva-Akron-GranMax-3125.jpg","jetpack_shortlink":"https:\/\/wp.me\/p6RhLt-8J9","jetpack_sharing_enabled":true,"_links":{"self":[{"href":"https:\/\/eldiariodesanpedro.com.ar\/sitio\/wp-json\/wp\/v2\/posts\/33551","targetHints":{"allow":["GET"]}}],"collection":[{"href":"https:\/\/eldiariodesanpedro.com.ar\/sitio\/wp-json\/wp\/v2\/posts"}],"about":[{"href":"https:\/\/eldiariodesanpedro.com.ar\/sitio\/wp-json\/wp\/v2\/types\/post"}],"author":[{"embeddable":true,"href":"https:\/\/eldiariodesanpedro.com.ar\/sitio\/wp-json\/wp\/v2\/users\/4"}],"replies":[{"embeddable":true,"href":"https:\/\/eldiariodesanpedro.com.ar\/sitio\/wp-json\/wp\/v2\/comments?post=33551"}],"version-history":[{"count":1,"href":"https:\/\/eldiariodesanpedro.com.ar\/sitio\/wp-json\/wp\/v2\/posts\/33551\/revisions"}],"predecessor-version":[{"id":33553,"href":"https:\/\/eldiariodesanpedro.com.ar\/sitio\/wp-json\/wp\/v2\/posts\/33551\/revisions\/33553"}],"wp:featuredmedia":[{"embeddable":true,"href":"https:\/\/eldiariodesanpedro.com.ar\/sitio\/wp-json\/wp\/v2\/media\/33552"}],"wp:attachment":[{"href":"https:\/\/eldiariodesanpedro.com.ar\/sitio\/wp-json\/wp\/v2\/media?parent=33551"}],"wp:term":[{"taxonomy":"category","embeddable":true,"href":"https:\/\/eldiariodesanpedro.com.ar\/sitio\/wp-json\/wp\/v2\/categories?post=33551"},{"taxonomy":"post_tag","embeddable":true,"href":"https:\/\/eldiariodesanpedro.com.ar\/sitio\/wp-json\/wp\/v2\/tags?post=33551"}],"curies":[{"name":"wp","href":"https:\/\/api.w.org\/{rel}","templated":true}]}}