{"id":33548,"date":"2018-05-22T10:14:32","date_gmt":"2018-05-22T13:14:32","guid":{"rendered":"https:\/\/eldiariodesanpedro.com.ar\/sitio\/?p=33548"},"modified":"2018-05-22T10:14:32","modified_gmt":"2018-05-22T13:14:32","slug":"jornada-de-prevencion-de-monoxido-de-carbono","status":"publish","type":"post","link":"https:\/\/eldiariodesanpedro.com.ar\/sitio\/jornada-de-prevencion-de-monoxido-de-carbono\/","title":{"rendered":"Jornada de Prevenci\u00f3n de Mon\u00f3xido de Carbono"},"content":{"rendered":"<p><!-- VideographyWP Plugin Message: Automatic video embedding prevented by plugin options. --><br \/>\nEl Centro de Comercio e Industria comparte la invitaci\u00f3n del LITORAL GAS para la Jornada de Prevenci\u00f3n de Mon\u00f3xido de Carbono organizada para el pr\u00f3ximo jueves 31 de Mayo a las 9 en nuestra entidad. El encuentro tiene por objetivo continuar recomendando medidas preventivas a adoptarse para evitar la generaci\u00f3n de Mon\u00f3xido de Carbono en \u00e1mbitos habitados, considerando que se trata de una sustancia que puede ser causante de letales accidentes. Esta tarea de difusi\u00f3n se viene desarrollando en distintas ciudades con el apoyo del ENARGAS para prevenir e informar.<\/p>\n","protected":false},"excerpt":{"rendered":"<p>El Centro de Comercio e Industria comparte la invitaci\u00f3n del LITORAL GAS para la Jornada de Prevenci\u00f3n de Mon\u00f3xido de Carbono organizada para el pr\u00f3ximo jueves 31 de Mayo a las 9 en nuestra entidad. El encuentro tiene por objetivo continuar recomendando medidas preventivas a adoptarse para evitar la generaci\u00f3n de Mon\u00f3xido de Carbono en [&hellip;]<\/p>\n","protected":false},"author":4,"featured_media":33549,"comment_status":"open","ping_status":"closed","sticky":false,"template":"","format":"standard","meta":{"om_disable_all_campaigns":false,"_jetpack_memberships_contains_paid_content":false,"footnotes":""},"categories":[2,103],"tags":[],"class_list":["post-33548","post","type-post","status-publish","format-standard","has-post-thumbnail","hentry","category-locales","category-policiales-locales"],"aioseo_notices":[],"gutentor_comment":0,"jetpack_featured_media_url":"https:\/\/eldiariodesanpedro.com.ar\/sitio\/wp-content\/uploads\/2018\/05\/p10-f1-9.jpg","jetpack_shortlink":"https:\/\/wp.me\/p6RhLt-8J6","jetpack_sharing_enabled":true,"_links":{"self":[{"href":"https:\/\/eldiariodesanpedro.com.ar\/sitio\/wp-json\/wp\/v2\/posts\/33548","targetHints":{"allow":["GET"]}}],"collection":[{"href":"https:\/\/eldiariodesanpedro.com.ar\/sitio\/wp-json\/wp\/v2\/posts"}],"about":[{"href":"https:\/\/eldiariodesanpedro.com.ar\/sitio\/wp-json\/wp\/v2\/types\/post"}],"author":[{"embeddable":true,"href":"https:\/\/eldiariodesanpedro.com.ar\/sitio\/wp-json\/wp\/v2\/users\/4"}],"replies":[{"embeddable":true,"href":"https:\/\/eldiariodesanpedro.com.ar\/sitio\/wp-json\/wp\/v2\/comments?post=33548"}],"version-history":[{"count":1,"href":"https:\/\/eldiariodesanpedro.com.ar\/sitio\/wp-json\/wp\/v2\/posts\/33548\/revisions"}],"predecessor-version":[{"id":33550,"href":"https:\/\/eldiariodesanpedro.com.ar\/sitio\/wp-json\/wp\/v2\/posts\/33548\/revisions\/33550"}],"wp:featuredmedia":[{"embeddable":true,"href":"https:\/\/eldiariodesanpedro.com.ar\/sitio\/wp-json\/wp\/v2\/media\/33549"}],"wp:attachment":[{"href":"https:\/\/eldiariodesanpedro.com.ar\/sitio\/wp-json\/wp\/v2\/media?parent=33548"}],"wp:term":[{"taxonomy":"category","embeddable":true,"href":"https:\/\/eldiariodesanpedro.com.ar\/sitio\/wp-json\/wp\/v2\/categories?post=33548"},{"taxonomy":"post_tag","embeddable":true,"href":"https:\/\/eldiariodesanpedro.com.ar\/sitio\/wp-json\/wp\/v2\/tags?post=33548"}],"curies":[{"name":"wp","href":"https:\/\/api.w.org\/{rel}","templated":true}]}}