{"id":33545,"date":"2018-05-22T10:10:05","date_gmt":"2018-05-22T13:10:05","guid":{"rendered":"https:\/\/eldiariodesanpedro.com.ar\/sitio\/?p=33545"},"modified":"2018-05-22T10:10:05","modified_gmt":"2018-05-22T13:10:05","slug":"robaron-en-la-escuela-21-de-santa-lucia","status":"publish","type":"post","link":"https:\/\/eldiariodesanpedro.com.ar\/sitio\/robaron-en-la-escuela-21-de-santa-lucia\/","title":{"rendered":"Robaron en la escuela 21 de Santa Lucia"},"content":{"rendered":"<p><!-- VideographyWP Plugin Message: Automatic video embedding prevented by plugin options. --><br \/>\nEste lunes la Directora de un establecimiento educativo denuncio en la comisaria local un robo constatando el faltante de netbooks, mercader\u00edas varias y el equipo de m\u00fasica de la escuela.<\/p>\n<p>La Directora del Establecimiento Educativo N\u00ba 21, este lunes radic\u00f3 su denuncia en el Destacamento de Santa Lucia  al constatar  que malvivientes hab\u00edan ingresado al lugar forzando una ventana, robando netbooks del programa \u00abConectar Igualdad\u00bb, mercader\u00edas varias y un equipo de m\u00fasica.<\/p>\n<p>La escuela esta ubicada en paraje rural Colegiales de Santa Lucia y las clases estaban suspendidas por el mal tiempo, ya que los caminos son de tierra y es dif\u00edcil llegar cuando llueve. Se presume que el robo se produjo entre los d\u00edas Mi\u00e9rcoles de la semana pasada y este lunes.<\/p>\n<p>El hecho caratulado como \u00abHurto\u00bb es investigado por la UFI 5 a cargo del Fiscal Marcelo Manso. <\/p>\n","protected":false},"excerpt":{"rendered":"<p>Este lunes la Directora de un establecimiento educativo denuncio en la comisaria local un robo constatando el faltante de netbooks, mercader\u00edas varias y el equipo de m\u00fasica de la escuela. La Directora del Establecimiento Educativo N\u00ba 21, este lunes radic\u00f3 su denuncia en el Destacamento de Santa Lucia al constatar que malvivientes hab\u00edan ingresado al [&hellip;]<\/p>\n","protected":false},"author":4,"featured_media":33546,"comment_status":"open","ping_status":"closed","sticky":false,"template":"","format":"standard","meta":{"om_disable_all_campaigns":false,"_jetpack_memberships_contains_paid_content":false,"footnotes":""},"categories":[2,103],"tags":[],"class_list":["post-33545","post","type-post","status-publish","format-standard","has-post-thumbnail","hentry","category-locales","category-policiales-locales"],"aioseo_notices":[],"gutentor_comment":0,"jetpack_featured_media_url":"https:\/\/eldiariodesanpedro.com.ar\/sitio\/wp-content\/uploads\/2018\/05\/21-1.jpg","jetpack_shortlink":"https:\/\/wp.me\/p6RhLt-8J3","jetpack_sharing_enabled":true,"_links":{"self":[{"href":"https:\/\/eldiariodesanpedro.com.ar\/sitio\/wp-json\/wp\/v2\/posts\/33545","targetHints":{"allow":["GET"]}}],"collection":[{"href":"https:\/\/eldiariodesanpedro.com.ar\/sitio\/wp-json\/wp\/v2\/posts"}],"about":[{"href":"https:\/\/eldiariodesanpedro.com.ar\/sitio\/wp-json\/wp\/v2\/types\/post"}],"author":[{"embeddable":true,"href":"https:\/\/eldiariodesanpedro.com.ar\/sitio\/wp-json\/wp\/v2\/users\/4"}],"replies":[{"embeddable":true,"href":"https:\/\/eldiariodesanpedro.com.ar\/sitio\/wp-json\/wp\/v2\/comments?post=33545"}],"version-history":[{"count":1,"href":"https:\/\/eldiariodesanpedro.com.ar\/sitio\/wp-json\/wp\/v2\/posts\/33545\/revisions"}],"predecessor-version":[{"id":33547,"href":"https:\/\/eldiariodesanpedro.com.ar\/sitio\/wp-json\/wp\/v2\/posts\/33545\/revisions\/33547"}],"wp:featuredmedia":[{"embeddable":true,"href":"https:\/\/eldiariodesanpedro.com.ar\/sitio\/wp-json\/wp\/v2\/media\/33546"}],"wp:attachment":[{"href":"https:\/\/eldiariodesanpedro.com.ar\/sitio\/wp-json\/wp\/v2\/media?parent=33545"}],"wp:term":[{"taxonomy":"category","embeddable":true,"href":"https:\/\/eldiariodesanpedro.com.ar\/sitio\/wp-json\/wp\/v2\/categories?post=33545"},{"taxonomy":"post_tag","embeddable":true,"href":"https:\/\/eldiariodesanpedro.com.ar\/sitio\/wp-json\/wp\/v2\/tags?post=33545"}],"curies":[{"name":"wp","href":"https:\/\/api.w.org\/{rel}","templated":true}]}}