{"id":33543,"date":"2018-05-22T10:02:05","date_gmt":"2018-05-22T13:02:05","guid":{"rendered":"https:\/\/eldiariodesanpedro.com.ar\/sitio\/?p=33543"},"modified":"2018-05-22T10:02:05","modified_gmt":"2018-05-22T13:02:05","slug":"un-nuevo-accidente-de-transito-que-involucra-una-motocicleta","status":"publish","type":"post","link":"https:\/\/eldiariodesanpedro.com.ar\/sitio\/un-nuevo-accidente-de-transito-que-involucra-una-motocicleta\/","title":{"rendered":"Un nuevo accidente de transito que involucra una motocicleta"},"content":{"rendered":"<p><!-- VideographyWP Plugin Message: Automatic video embedding prevented by plugin options. --><br \/>\nEl accidente se produjo en la tarde del lunes, en intersecci\u00f3n de calle Salta e Independencia cuando colisionaron un autom\u00f3vil marca Volkswagen Fox conducido por una mujer de 64 a\u00f1os con una joven de 27 quien conduc\u00eda una motocicleta Guerrero Trip 110 cc. <\/p>\n<p>La joven del rodado menor fue trasladada por la ambulancia de emergencia al Hospital Subzonal San Pedro donde permaneci\u00f3 en observaci\u00f3n ya que presentaba excoriaciones en la cadera. <\/p>\n","protected":false},"excerpt":{"rendered":"<p>El accidente se produjo en la tarde del lunes, en intersecci\u00f3n de calle Salta e Independencia cuando colisionaron un autom\u00f3vil marca Volkswagen Fox conducido por una mujer de 64 a\u00f1os con una joven de 27 quien conduc\u00eda una motocicleta Guerrero Trip 110 cc. La joven del rodado menor fue trasladada por la ambulancia de emergencia [&hellip;]<\/p>\n","protected":false},"author":4,"featured_media":31339,"comment_status":"open","ping_status":"closed","sticky":false,"template":"","format":"standard","meta":{"om_disable_all_campaigns":false,"_jetpack_memberships_contains_paid_content":false,"footnotes":""},"categories":[101,2],"tags":[],"class_list":["post-33543","post","type-post","status-publish","format-standard","has-post-thumbnail","hentry","category-interes-general-locales","category-locales"],"aioseo_notices":[],"gutentor_comment":0,"jetpack_featured_media_url":"https:\/\/eldiariodesanpedro.com.ar\/sitio\/wp-content\/uploads\/2018\/04\/same_658x400.jpg","jetpack_shortlink":"https:\/\/wp.me\/p6RhLt-8J1","jetpack_sharing_enabled":true,"_links":{"self":[{"href":"https:\/\/eldiariodesanpedro.com.ar\/sitio\/wp-json\/wp\/v2\/posts\/33543","targetHints":{"allow":["GET"]}}],"collection":[{"href":"https:\/\/eldiariodesanpedro.com.ar\/sitio\/wp-json\/wp\/v2\/posts"}],"about":[{"href":"https:\/\/eldiariodesanpedro.com.ar\/sitio\/wp-json\/wp\/v2\/types\/post"}],"author":[{"embeddable":true,"href":"https:\/\/eldiariodesanpedro.com.ar\/sitio\/wp-json\/wp\/v2\/users\/4"}],"replies":[{"embeddable":true,"href":"https:\/\/eldiariodesanpedro.com.ar\/sitio\/wp-json\/wp\/v2\/comments?post=33543"}],"version-history":[{"count":1,"href":"https:\/\/eldiariodesanpedro.com.ar\/sitio\/wp-json\/wp\/v2\/posts\/33543\/revisions"}],"predecessor-version":[{"id":33544,"href":"https:\/\/eldiariodesanpedro.com.ar\/sitio\/wp-json\/wp\/v2\/posts\/33543\/revisions\/33544"}],"wp:featuredmedia":[{"embeddable":true,"href":"https:\/\/eldiariodesanpedro.com.ar\/sitio\/wp-json\/wp\/v2\/media\/31339"}],"wp:attachment":[{"href":"https:\/\/eldiariodesanpedro.com.ar\/sitio\/wp-json\/wp\/v2\/media?parent=33543"}],"wp:term":[{"taxonomy":"category","embeddable":true,"href":"https:\/\/eldiariodesanpedro.com.ar\/sitio\/wp-json\/wp\/v2\/categories?post=33543"},{"taxonomy":"post_tag","embeddable":true,"href":"https:\/\/eldiariodesanpedro.com.ar\/sitio\/wp-json\/wp\/v2\/tags?post=33543"}],"curies":[{"name":"wp","href":"https:\/\/api.w.org\/{rel}","templated":true}]}}