{"id":33536,"date":"2018-05-21T21:05:29","date_gmt":"2018-05-22T00:05:29","guid":{"rendered":"https:\/\/eldiariodesanpedro.com.ar\/sitio\/?p=33536"},"modified":"2026-01-24T00:13:34","modified_gmt":"2026-01-24T03:13:34","slug":"futbol-los-murcielagos-silvio-velo-confirmado-para-el-mundial-de-espana","status":"publish","type":"post","link":"https:\/\/eldiariodesanpedro.com.ar\/sitio\/futbol-los-murcielagos-silvio-velo-confirmado-para-el-mundial-de-espana\/","title":{"rendered":"F\u00daTBOL LOS MURCI\u00c9LAGOS: Silvio Velo confirmado para el Mundial de Espa\u00f1a"},"content":{"rendered":"<p><!-- VideographyWP Plugin Message: Automatic video embedding prevented by plugin options. --><br \/>\n  Luego de la concentraci\u00f3n en el CeNARD, el t\u00e9cnico Mart\u00edn Demonte dio la lista de 10 futbolistas que representar\u00e1n a la Argentina en el Mundial de Espa\u00f1a, que se desarrollar\u00e1 entre el 7 y 17 de junio. \u00abSon los mismos que participaron en la Copa Am\u00e9rica que ganamos en Chile. Estoy muy agradecido a todo el plantel que trabaj\u00f3 de una manera espectacular. A todos los futbolistas que no est\u00e1n en la lista pero que realmente est\u00e1n para grandes cosas\u00bb, le dijo Demonte a Paradeportes.com.<\/p>\n<p><strong>Los jugadores convocados son:<\/strong><br \/>\nDar\u00edo Lencina (arquero &#8211; Estudiantes de La Plata)<br \/>\nGerm\u00e1n Muleck (arquero &#8211; Rom\u00e1n Rosell, de San Isidro)<br \/>\nSilvio Velo (Boca Juniors)<br \/>\nLucas Rodr\u00edguez (Municipalidad de C\u00f3rdoba)<br \/>\nNicol\u00e1s V\u00e9liz (Municipalidad de C\u00f3rdoba)<br \/>\nFroil\u00e1n Padilla (Uniredes de Mendoza)<br \/>\nFederico Accardi (Uniredes de Mendoza)<br \/>\nMaximiliano Espinillo (Uniredes de Mendoza)<br \/>\n\u00c1ngel Deldo (ACHADEC de Resistencia, Chaco)<br \/>\nDavid Peralta (Estudiantes de La Plata)<\/p>\n","protected":false},"excerpt":{"rendered":"<p>Luego de la concentraci\u00f3n en el CeNARD, el t\u00e9cnico Mart\u00edn Demonte dio la lista de 10 futbolistas que representar\u00e1n a la Argentina en el Mundial de Espa\u00f1a, que se desarrollar\u00e1 entre el 7 y 17 de junio. \u00abSon los mismos que participaron en la Copa Am\u00e9rica que ganamos en Chile. Estoy muy agradecido a todo [&hellip;]<\/p>\n","protected":false},"author":4,"featured_media":28802,"comment_status":"open","ping_status":"closed","sticky":false,"template":"","format":"standard","meta":{"om_disable_all_campaigns":false,"_jetpack_memberships_contains_paid_content":false,"footnotes":""},"categories":[5],"tags":[],"class_list":["post-33536","post","type-post","status-publish","format-standard","has-post-thumbnail","hentry","category-deportes"],"aioseo_notices":[],"gutentor_comment":0,"jetpack_featured_media_url":"https:\/\/eldiariodesanpedro.com.ar\/sitio\/wp-content\/uploads\/2018\/02\/Silvio-Velo.jpg","jetpack_shortlink":"https:\/\/wp.me\/p6RhLt-8IU","jetpack_sharing_enabled":true,"_links":{"self":[{"href":"https:\/\/eldiariodesanpedro.com.ar\/sitio\/wp-json\/wp\/v2\/posts\/33536","targetHints":{"allow":["GET"]}}],"collection":[{"href":"https:\/\/eldiariodesanpedro.com.ar\/sitio\/wp-json\/wp\/v2\/posts"}],"about":[{"href":"https:\/\/eldiariodesanpedro.com.ar\/sitio\/wp-json\/wp\/v2\/types\/post"}],"author":[{"embeddable":true,"href":"https:\/\/eldiariodesanpedro.com.ar\/sitio\/wp-json\/wp\/v2\/users\/4"}],"replies":[{"embeddable":true,"href":"https:\/\/eldiariodesanpedro.com.ar\/sitio\/wp-json\/wp\/v2\/comments?post=33536"}],"version-history":[{"count":1,"href":"https:\/\/eldiariodesanpedro.com.ar\/sitio\/wp-json\/wp\/v2\/posts\/33536\/revisions"}],"predecessor-version":[{"id":33540,"href":"https:\/\/eldiariodesanpedro.com.ar\/sitio\/wp-json\/wp\/v2\/posts\/33536\/revisions\/33540"}],"wp:featuredmedia":[{"embeddable":true,"href":"https:\/\/eldiariodesanpedro.com.ar\/sitio\/wp-json\/wp\/v2\/media\/28802"}],"wp:attachment":[{"href":"https:\/\/eldiariodesanpedro.com.ar\/sitio\/wp-json\/wp\/v2\/media?parent=33536"}],"wp:term":[{"taxonomy":"category","embeddable":true,"href":"https:\/\/eldiariodesanpedro.com.ar\/sitio\/wp-json\/wp\/v2\/categories?post=33536"},{"taxonomy":"post_tag","embeddable":true,"href":"https:\/\/eldiariodesanpedro.com.ar\/sitio\/wp-json\/wp\/v2\/tags?post=33536"}],"curies":[{"name":"wp","href":"https:\/\/api.w.org\/{rel}","templated":true}]}}