{"id":33535,"date":"2018-05-21T21:04:36","date_gmt":"2018-05-22T00:04:36","guid":{"rendered":"https:\/\/eldiariodesanpedro.com.ar\/sitio\/?p=33535"},"modified":"2026-01-24T00:13:34","modified_gmt":"2026-01-24T03:13:34","slug":"futbol-local-sportivo-en-la-zona-a-y-atletico-en-la-zona-b-son-los-duenos-del-apertura","status":"publish","type":"post","link":"https:\/\/eldiariodesanpedro.com.ar\/sitio\/futbol-local-sportivo-en-la-zona-a-y-atletico-en-la-zona-b-son-los-duenos-del-apertura\/","title":{"rendered":"F\u00daTBOL LOCAL: Sportivo en la zona A y Atl\u00e9tico en la zona B son los due\u00f1os del Apertura"},"content":{"rendered":"<p><!-- VideographyWP Plugin Message: Automatic video embedding prevented by plugin options. --><br \/>\n  Por la quinta fecha del Torneo Apertura \u00abJorge Santiso\u00bb, se jugaron los cotejos de la quinta fecha, postergados en tres fines de semana consecutivos, y donde s\u00f3lo se hab\u00eda jugado el cl\u00e1sico entre Paran\u00e1 (0)-Mitre (1). Igualmente qued\u00f3 pendiente San Roque-Alsina, previsto para el s\u00e1bado por la tarde, ya que la cancha de CADU estaba a\u00fan con mucha agua luego de la intensa lluvia ca\u00edda entre jueves y viernes en la zona. <\/p>\n<p>  Sportivo empat\u00f3 con Agricultores, pero sigue estando puntero en la Zona A y Atl\u00e9tico nuevamente es l\u00edder en la Zona B, luego de su triunfo ante Las Palmeras en R\u00edo Tala. <\/p>\n<p>  Gran triunfo de CADU en P\u00e9rez Mill\u00e1n, un reducto siempre dif\u00edcil para los equipos sampedrinos, La Esperanza le gan\u00f3 a Central C\u00f3rdoba en Santa Luc\u00eda, Banfield con lo justo en el resultado, pero justo triunfo ante Portela. Ganaron por primera vez Am\u00e9rica (ante Fundici\u00f3n) e Independencia (ante Rivadavia), pero este \u00faltimo est\u00e1 a consideraci\u00f3n del tribunal de disciplina, ya que en el final volaron piedras desde la calle y el \u00e1rbitro a falta de 2m suspendi\u00f3 las acciones.<\/p>\n<p><strong>Detalle de la fecha<\/strong><br \/>\nBanfield super\u00f3 a I. Portela en un gran cotejo emotivo, sobre todo, con una docena de situaciones en los arcos donde los parantes fueron protagonistas en cuatro ocasiones y en otras tantas los arqueros. Los goles fueron marcados por Boaglio, Santomil y Monzalvo para el \u00abTaladro\u00bb y G\u00f3mez en dos ocasiones para la visita. (ver s\u00edntesis en esta misma p\u00e1gina).<br \/>\nResultados de inferiores<br \/>\nSub 21: 0-5<br \/>\nTercera: 0-1<br \/>\nCuarta: 5-0<br \/>\nQuinta: 14-0<\/p>\n<p>Agricultores Club en Gdor. Castro, que a\u00fan no pudo ganar en el certamen, le sac\u00f3 un empate al puntero, Sportivo Baradero. Fue sin goles y mantiene la punta, aunque m\u00e1s cerca de La Esperanza, Paran\u00e1 y Banfield.<br \/>\nResultados de inferiores:<br \/>\nSub 21: 2-3<br \/>\nTercera: 2-3<br \/>\nCuarta: 2-3<br \/>\nQuinta: 0-5<\/p>\n<p>Am\u00e9rica un d\u00eda gan\u00f3 y fue ante Fundici\u00f3n FC, a quien derrot\u00f3 por 3 a 0, tantos logrados por F. Paz, C. Pascual y Alan Trezzini. Se jug\u00f3 en la cancha del club La Esperanza y con este triunfo dej\u00f3 la \u00faltima posici\u00f3n. Tiene un partido pendiente con Portela.<br \/>\nResultados de inferiores<br \/>\nSub 21: 1-1<br \/>\nTercera: Postergado<br \/>\nCuarta: Postergado<br \/>\nQuinta: 3-0<\/p>\n<p>Central C\u00f3rdoba en el \u00abNegro Pildain\u00bb enfrent\u00f3 a La Esperanza. Fue un cotejo muy parejo que termin\u00f3 con dos jugadores del local expulsados. La Esperanza lo gan\u00f3 en el final 2 a 1 (desvi\u00f3 un tiro penal cuando estaban igualados el defensor del \u00b4verde\u00b4 Gabriel Sans\u00f3) con tantos de Gabriel Sans\u00f3 y Joaqu\u00edn Biain, mientras que el gol del empate transitorio lo marc\u00f3 E. J\u00e1uregui para el local.<br \/>\nResultados de inferiores<br \/>\nSub 21: 0-2<br \/>\nTercera: 2-3<br \/>\nCuarta: 1-2<br \/>\nQuinta: 2-2<\/p>\n<p>Independencia FC fue otro de los que lograron sumar de a tres puntos por primera vez en el Apertura \u00abJorge Santiso\u00bb, lo sufri\u00f3 Rivadavia. El marcador final fue 3 a 0, goles del interminable Alexis Delucca, Agust\u00edn Esquivel y el juvenil Fabricio Ram\u00edrez.<br \/>\nResultados de inferiores<br \/>\nSub 21: 1-2<br \/>\nTercera: 2-2<br \/>\nCuarta: 3-1<br \/>\nQuinta: 6-1<\/p>\n<p>En P\u00e9rez Mill\u00e1n se esperaba con expectativas el cotejo, es que ambos vienen de derrotas y buscaban sumar para no quedar lejos de la punta. Gral. San Mart\u00edn para reconciliarse con su gente y Defensores Unidos para creer que la goleada en contra con Las Palmeras fue una falsa actuaci\u00f3n. Y pudo el equipo de la dupla Casas-Casco quedarse con el triunfo, con dos goles de Facundo R\u00edos y el restante de Jairo Santos, mientras que el empate lo hab\u00eda logrado Jos\u00e9 G\u00f3mez. El 3 a 1 final lo deja a CADU otra vez en carrera con los resultados que se registraron en la fecha.<br \/>\nResultados de inferiores<br \/>\nSub 21: 4-1<br \/>\nTercera: 2-0<br \/>\nCuarta: 1-0<br \/>\nQuinta: 3-0<\/p>\n<p>El s\u00e1bado por la tarde en R\u00edo Tala adelantaron Las Palmeras-Atl\u00e9tico, con triunfo del visitante por 1 a 0, gol de Jes\u00fas Silva en la etapa final. La victoria a los de baradero les permite ser nuevamente punteros de la zona.<br \/>\nResultados de inferiores<br \/>\nSub 21: 1-3<br \/>\nTercera: 1-3<br \/>\nCuarta: 2-9<br \/>\nQuinta: 1-2<\/p>\n<p><strong>Posiciones en primera divisi\u00f3n y pr\u00f3xima fecha<\/strong><br \/>\nJugada la fecha 5 as\u00ed quedaron ubicados en la divisi\u00f3n principal del f\u00fatbol local:<\/p>\n<p><strong>Primera\t<\/strong><br \/>\n<em>Zona A\t<\/em><br \/>\nSportivo 13 (12\/0) Dif. +12<br \/>\nLa Esperanza 12 (13\/7) Dif. +6<br \/>\nParan\u00e1 FC 10 (11\/6) Dif. +5<br \/>\nBanfield 10 (11\/9) Dif. +2<br \/>\nIreneo Portela\t3 *<br \/>\nCentral C\u00f3rdoba 3<br \/>\nAm\u00e9rica 3 *<br \/>\nAgricultores Club 1<br \/>\nFundici\u00f3n FC\t0 *<\/p>\n<p><em>Zona B\t<\/em><br \/>\nAtl\u00e9tico 13 (16\/4) Dif. +12<br \/>\nMitre 12 (10\/2) Dif. +8<br \/>\nDef. Unidos 10 (11\/6) +5<br \/>\nLas Palmeras 9 (9\/5) Dif. +4<br \/>\nG. San Mart\u00edn 9 (11\/11) Dif. 0<br \/>\nRivadavia 7 (3\/8) Dif. -5<br \/>\nAlsina\t6 (10\/7)* Dif. +3<br \/>\nIndependencia FC 4<br \/>\nSan Roque FC\t0*<\/p>\n<p>* Tienen partido pendiente<\/p>\n<p>() Goles a favor\/goles en contra<\/p>\n<p>Pr\u00f3xima fecha (6\u00b0) y pendientes<\/p>\n<p>I. Portela vs Am\u00e9rica (4\u00b0 fecha)<br \/>\nSan Roque vs D. Alsina (5\u00b0 fecha)<br \/>\nFundici\u00f3n FC vs Banfield<br \/>\nI. Portela vs Agricultores<br \/>\nSportivo vs C. C\u00f3rdoba<br \/>\nLa Esperanza vs Paran\u00e1 FC<br \/>\nRivadavia vs San Roque<br \/>\nAlsina vs Las Palmeras<br \/>\nAtl\u00e9tico vs G. S. Mart\u00edn<br \/>\nDef. Unidos vs Mitre<br \/>\nIndependencia FC vs Am\u00e9rica<\/p>\n<p><img decoding=\"async\" data-attachment-id=\"33538\" data-permalink=\"https:\/\/eldiariodesanpedro.com.ar\/sitio\/futbol-local-sportivo-en-la-zona-a-y-atletico-en-la-zona-b-son-los-duenos-del-apertura\/club-sportivo-las-palmeras-de-rio-tala-3\/\" data-orig-file=\"https:\/\/eldiariodesanpedro.com.ar\/sitio\/wp-content\/uploads\/2018\/05\/Club-Sportivo-Las-palmeras-de-R\u00edo-Tala.jpg\" data-orig-size=\"1000,667\" data-comments-opened=\"1\" data-image-meta=\"{&quot;aperture&quot;:&quot;8&quot;,&quot;credit&quot;:&quot;&quot;,&quot;camera&quot;:&quot;FinePix S4000&quot;,&quot;caption&quot;:&quot;&quot;,&quot;created_timestamp&quot;:&quot;953246989&quot;,&quot;copyright&quot;:&quot;&quot;,&quot;focal_length&quot;:&quot;4.3&quot;,&quot;iso&quot;:&quot;64&quot;,&quot;shutter_speed&quot;:&quot;0.014285714285714&quot;,&quot;title&quot;:&quot;&quot;,&quot;orientation&quot;:&quot;0&quot;}\" data-image-title=\"Club Sportivo Las palmeras de R\u00edo Tala\" data-image-description=\"\" data-image-caption=\"\" data-large-file=\"https:\/\/eldiariodesanpedro.com.ar\/sitio\/wp-content\/uploads\/2018\/05\/Club-Sportivo-Las-palmeras-de-R\u00edo-Tala.jpg\" data-src=\"https:\/\/eldiariodesanpedro.com.ar\/sitio\/wp-content\/uploads\/2018\/05\/Club-Sportivo-Las-palmeras-de-R\u00edo-Tala.jpg\" alt=\"\" width=\"1000\" height=\"667\" class=\"alignnone size-full wp-image-33538 lazyload\" data-srcset=\"https:\/\/eldiariodesanpedro.com.ar\/sitio\/wp-content\/uploads\/2018\/05\/Club-Sportivo-Las-palmeras-de-R\u00edo-Tala.jpg 1000w, https:\/\/eldiariodesanpedro.com.ar\/sitio\/wp-content\/uploads\/2018\/05\/Club-Sportivo-Las-palmeras-de-R\u00edo-Tala-300x200.jpg 300w, https:\/\/eldiariodesanpedro.com.ar\/sitio\/wp-content\/uploads\/2018\/05\/Club-Sportivo-Las-palmeras-de-R\u00edo-Tala-768x512.jpg 768w\" data-sizes=\"(max-width: 1000px) 100vw, 1000px\" src=\"data:image\/svg+xml;base64,PHN2ZyB3aWR0aD0iMSIgaGVpZ2h0PSIxIiB4bWxucz0iaHR0cDovL3d3dy53My5vcmcvMjAwMC9zdmciPjwvc3ZnPg==\" style=\"--smush-placeholder-width: 1000px; --smush-placeholder-aspect-ratio: 1000\/667;\" \/><br \/>\n<em>Club Sportivo Las palmeras de R\u00edo Tala<\/em><\/p>\n","protected":false},"excerpt":{"rendered":"<p>Por la quinta fecha del Torneo Apertura \u00abJorge Santiso\u00bb, se jugaron los cotejos de la quinta fecha, postergados en tres fines de semana consecutivos, y donde s\u00f3lo se hab\u00eda jugado el cl\u00e1sico entre Paran\u00e1 (0)-Mitre (1). Igualmente qued\u00f3 pendiente San Roque-Alsina, previsto para el s\u00e1bado por la tarde, ya que la cancha de CADU estaba [&hellip;]<\/p>\n","protected":false},"author":4,"featured_media":33537,"comment_status":"open","ping_status":"closed","sticky":false,"template":"","format":"standard","meta":{"om_disable_all_campaigns":false,"_jetpack_memberships_contains_paid_content":false,"footnotes":""},"categories":[5],"tags":[],"class_list":["post-33535","post","type-post","status-publish","format-standard","has-post-thumbnail","hentry","category-deportes"],"aioseo_notices":[],"gutentor_comment":0,"jetpack_featured_media_url":"https:\/\/eldiariodesanpedro.com.ar\/sitio\/wp-content\/uploads\/2018\/05\/Club-Atl\u00e9tico-Banfield.jpg","jetpack_shortlink":"https:\/\/wp.me\/p6RhLt-8IT","jetpack_sharing_enabled":true,"_links":{"self":[{"href":"https:\/\/eldiariodesanpedro.com.ar\/sitio\/wp-json\/wp\/v2\/posts\/33535","targetHints":{"allow":["GET"]}}],"collection":[{"href":"https:\/\/eldiariodesanpedro.com.ar\/sitio\/wp-json\/wp\/v2\/posts"}],"about":[{"href":"https:\/\/eldiariodesanpedro.com.ar\/sitio\/wp-json\/wp\/v2\/types\/post"}],"author":[{"embeddable":true,"href":"https:\/\/eldiariodesanpedro.com.ar\/sitio\/wp-json\/wp\/v2\/users\/4"}],"replies":[{"embeddable":true,"href":"https:\/\/eldiariodesanpedro.com.ar\/sitio\/wp-json\/wp\/v2\/comments?post=33535"}],"version-history":[{"count":2,"href":"https:\/\/eldiariodesanpedro.com.ar\/sitio\/wp-json\/wp\/v2\/posts\/33535\/revisions"}],"predecessor-version":[{"id":33541,"href":"https:\/\/eldiariodesanpedro.com.ar\/sitio\/wp-json\/wp\/v2\/posts\/33535\/revisions\/33541"}],"wp:featuredmedia":[{"embeddable":true,"href":"https:\/\/eldiariodesanpedro.com.ar\/sitio\/wp-json\/wp\/v2\/media\/33537"}],"wp:attachment":[{"href":"https:\/\/eldiariodesanpedro.com.ar\/sitio\/wp-json\/wp\/v2\/media?parent=33535"}],"wp:term":[{"taxonomy":"category","embeddable":true,"href":"https:\/\/eldiariodesanpedro.com.ar\/sitio\/wp-json\/wp\/v2\/categories?post=33535"},{"taxonomy":"post_tag","embeddable":true,"href":"https:\/\/eldiariodesanpedro.com.ar\/sitio\/wp-json\/wp\/v2\/tags?post=33535"}],"curies":[{"name":"wp","href":"https:\/\/api.w.org\/{rel}","templated":true}]}}