{"id":33531,"date":"2018-05-21T20:59:52","date_gmt":"2018-05-21T23:59:52","guid":{"rendered":"https:\/\/eldiariodesanpedro.com.ar\/sitio\/?p=33531"},"modified":"2018-05-21T20:59:52","modified_gmt":"2018-05-21T23:59:52","slug":"san-nicolas-habria-roto-el-vidrio-de-un-local-e-intento-robar-en-otro","status":"publish","type":"post","link":"https:\/\/eldiariodesanpedro.com.ar\/sitio\/san-nicolas-habria-roto-el-vidrio-de-un-local-e-intento-robar-en-otro\/","title":{"rendered":"SAN NICOL\u00c1S: Habr\u00eda roto el vidrio de un local e intent\u00f3 robar en otro"},"content":{"rendered":"<p><!-- VideographyWP Plugin Message: Automatic video embedding prevented by plugin options. --><br \/>\nEste domingo en horas de la madrugada, un sujeto de 22 a\u00f1os habr\u00eda intentado ingresar en un kiosco de calle Rivadavia y al no poder hacerlo cruz\u00f3 la calle y se meti\u00f3 en un bar de rock donde habr\u00eda intentado robar a la due\u00f1a con un cuchillo, siendo atrapado por efectivos policiales.<\/p>\n<p>  Un muchacho de 22 a\u00f1os lleg\u00f3 a la entrada de un cl\u00e1sico almac\u00e9n de calle Rivadavia al 700, a metros de la Comisaria de la mujer, le habr\u00eda pegado una patada al vidrio intentando abrir la puerta. El golpe no funcion\u00f3 y un enorme perro que se hallaba dentro del local le empez\u00f3 a ladrar, las luces del interior se prendieron y, decidi\u00f3 emprender la huida. Aunque parece que en el viaje se le antoj\u00f3 colarse en un bar donde tocan bandas de rock \u201cKultura\u201d, y all\u00ed s\u00ed intent\u00f3 cometer el robo que tanto anhelaba, lo que signific\u00f3 el final de su viaje.<\/p>\n<p> \u201cSer\u00edan como las 2.30 de la madrugada y escuchamos que el perro empez\u00f3 a torear desesperado. Cuando o\u00edmos eso, nos levantamos para mirar y por el vidrio vimos a un flaquito con una gorra tap\u00e1ndole la cara. En eso sentimos un ruido fuerte en la entrada. No s\u00e9 si fue una patada, o qu\u00e9, pero rompi\u00f3 el vidrio de la puerta\u201d, cont\u00f3 a EL NORTE Marta, propietaria del almac\u00e9n en donde el presunto delincuente habr\u00eda intentado entrar. <\/p>\n<p>  \u201cNosotros nos levantamos, prendimos la luz y, como no pudo entrar, se fue. R\u00e1pido llamamos a la polic\u00eda y despu\u00e9s nos enteramos que se hab\u00eda ido enfrente, al local de \u201cKultura\u201d y ah\u00ed no s\u00e9 qu\u00e9 pas\u00f3, pero creo que quiso robar a la se\u00f1ora. La polic\u00eda se ve que estaba dando vueltas porque lo agarraron al toque\u201d cont\u00f3 Marta. <\/p>\n<p>  La mujer cont\u00f3 a nuestro medio que por suerte no ha sufrido robos, pero que en la calle se nota un feo clima \u201cYo no puedo decir que me hayan robado, pero \u00faltimamente se ve un feo ambiente. Yo antes ten\u00eda abierto hasta tarde, pero ahora a las 21.30 hs. ya cierro, no atiendo m\u00e1s, ni me arriesgo\u201d, aclar\u00f3.<\/p>\n<p><strong>Se cruz\u00f3 la calle<\/strong><br \/>\n  Como relat\u00e1bamos anteriormente, el joven, al ver frustrado el robo, se percat\u00f3 que enfrente de la calle se hallaba abierto el bar de rock \u201cKultura\u201d por lo que habr\u00eda decidido probar suerte en ese lugar, sin percatarse de que la polic\u00eda ya estaba avisada de su actitud y se hallaba en camino. <\/p>\n<p>  En el sal\u00f3n no hab\u00eda mucha gente y, esgrimiendo un cuchillo, encar\u00f3 a la propietaria de 54 a\u00f1os, exigiendo dinero. En eso se produjo un tumulto y enseguida llegaron las fuerzas del orden que detuvieron al muchacho en el lugar.<\/p>\n<p>  Al aprehendido se le labraron actuaciones bajo car\u00e1tula \u201cTentativa de robo calificado y da\u00f1o\u201d, con intervenci\u00f3n de la UFI N\u00b03 del Departamento Judicial San Nicol\u00e1s.<\/p>\n","protected":false},"excerpt":{"rendered":"<p>Este domingo en horas de la madrugada, un sujeto de 22 a\u00f1os habr\u00eda intentado ingresar en un kiosco de calle Rivadavia y al no poder hacerlo cruz\u00f3 la calle y se meti\u00f3 en un bar de rock donde habr\u00eda intentado robar a la due\u00f1a con un cuchillo, siendo atrapado por efectivos policiales. Un muchacho de [&hellip;]<\/p>\n","protected":false},"author":4,"featured_media":33533,"comment_status":"open","ping_status":"closed","sticky":false,"template":"","format":"standard","meta":{"om_disable_all_campaigns":false,"_jetpack_memberships_contains_paid_content":false,"footnotes":""},"categories":[621],"tags":[],"class_list":["post-33531","post","type-post","status-publish","format-standard","has-post-thumbnail","hentry","category-regionales"],"aioseo_notices":[],"gutentor_comment":0,"jetpack_featured_media_url":"https:\/\/eldiariodesanpedro.com.ar\/sitio\/wp-content\/uploads\/2018\/05\/kultura.jpg","jetpack_shortlink":"https:\/\/wp.me\/p6RhLt-8IP","jetpack_sharing_enabled":true,"_links":{"self":[{"href":"https:\/\/eldiariodesanpedro.com.ar\/sitio\/wp-json\/wp\/v2\/posts\/33531","targetHints":{"allow":["GET"]}}],"collection":[{"href":"https:\/\/eldiariodesanpedro.com.ar\/sitio\/wp-json\/wp\/v2\/posts"}],"about":[{"href":"https:\/\/eldiariodesanpedro.com.ar\/sitio\/wp-json\/wp\/v2\/types\/post"}],"author":[{"embeddable":true,"href":"https:\/\/eldiariodesanpedro.com.ar\/sitio\/wp-json\/wp\/v2\/users\/4"}],"replies":[{"embeddable":true,"href":"https:\/\/eldiariodesanpedro.com.ar\/sitio\/wp-json\/wp\/v2\/comments?post=33531"}],"version-history":[{"count":1,"href":"https:\/\/eldiariodesanpedro.com.ar\/sitio\/wp-json\/wp\/v2\/posts\/33531\/revisions"}],"predecessor-version":[{"id":33534,"href":"https:\/\/eldiariodesanpedro.com.ar\/sitio\/wp-json\/wp\/v2\/posts\/33531\/revisions\/33534"}],"wp:featuredmedia":[{"embeddable":true,"href":"https:\/\/eldiariodesanpedro.com.ar\/sitio\/wp-json\/wp\/v2\/media\/33533"}],"wp:attachment":[{"href":"https:\/\/eldiariodesanpedro.com.ar\/sitio\/wp-json\/wp\/v2\/media?parent=33531"}],"wp:term":[{"taxonomy":"category","embeddable":true,"href":"https:\/\/eldiariodesanpedro.com.ar\/sitio\/wp-json\/wp\/v2\/categories?post=33531"},{"taxonomy":"post_tag","embeddable":true,"href":"https:\/\/eldiariodesanpedro.com.ar\/sitio\/wp-json\/wp\/v2\/tags?post=33531"}],"curies":[{"name":"wp","href":"https:\/\/api.w.org\/{rel}","templated":true}]}}