{"id":33528,"date":"2018-05-21T20:55:34","date_gmt":"2018-05-21T23:55:34","guid":{"rendered":"https:\/\/eldiariodesanpedro.com.ar\/sitio\/?p=33528"},"modified":"2018-05-21T20:55:34","modified_gmt":"2018-05-21T23:55:34","slug":"san-nicolas-tremendo-choque-entre-un-auto-y-un-camion","status":"publish","type":"post","link":"https:\/\/eldiariodesanpedro.com.ar\/sitio\/san-nicolas-tremendo-choque-entre-un-auto-y-un-camion\/","title":{"rendered":"SAN NICOL\u00c1S: Tremendo choque entre un auto y un cami\u00f3n"},"content":{"rendered":"<p><!-- VideographyWP Plugin Message: Automatic video embedding prevented by plugin options. --><br \/>\nFue en la Ruta 188 a la altura de General Rojo, aproximadamente a las 8.30 hs.<\/p>\n<p>  Otro impresionante accidente ocurri\u00f3 en la Ruta 188; aproximadamente a las 8:30 de la ma\u00f1ana las sirenas conmocionaron la zona. Un cami\u00f3n de importante tama\u00f1o y un Renault 9 fueron protagonistas de un impresionante choque a la altura del kil\u00f3metro 17. El rodado de menor tama\u00f1o, un Renault 9 blanco, recibi\u00f3 los peores da\u00f1os ya que toda la trompa result\u00f3 da\u00f1ada, siendo su tripulante Mario Olgu\u00edn de 27 a\u00f1os. Colision\u00f3 con un cami\u00f3n Volvo de la empresa GADEA, conducido por Gustavo Peola de 54 a\u00f1os. <\/p>\n<p>  Mario Olgu\u00edn fue derivado al Hospital San Felipe, donde se encuentra internado en observaci\u00f3n en el sector de Cirug\u00eda. Las causas del espectacular accidente est\u00e1n bajo investigaci\u00f3n, tras las pericias policiales.<\/p>\n","protected":false},"excerpt":{"rendered":"<p>Fue en la Ruta 188 a la altura de General Rojo, aproximadamente a las 8.30 hs. Otro impresionante accidente ocurri\u00f3 en la Ruta 188; aproximadamente a las 8:30 de la ma\u00f1ana las sirenas conmocionaron la zona. Un cami\u00f3n de importante tama\u00f1o y un Renault 9 fueron protagonistas de un impresionante choque a la altura del [&hellip;]<\/p>\n","protected":false},"author":4,"featured_media":33530,"comment_status":"open","ping_status":"closed","sticky":false,"template":"","format":"standard","meta":{"om_disable_all_campaigns":false,"_jetpack_memberships_contains_paid_content":false,"footnotes":""},"categories":[621],"tags":[],"class_list":["post-33528","post","type-post","status-publish","format-standard","has-post-thumbnail","hentry","category-regionales"],"aioseo_notices":[],"gutentor_comment":0,"jetpack_featured_media_url":"https:\/\/eldiariodesanpedro.com.ar\/sitio\/wp-content\/uploads\/2018\/05\/El-Renault-9-luego-de-la-colisi\u00f3n.jpg","jetpack_shortlink":"https:\/\/wp.me\/p6RhLt-8IM","jetpack_sharing_enabled":true,"_links":{"self":[{"href":"https:\/\/eldiariodesanpedro.com.ar\/sitio\/wp-json\/wp\/v2\/posts\/33528","targetHints":{"allow":["GET"]}}],"collection":[{"href":"https:\/\/eldiariodesanpedro.com.ar\/sitio\/wp-json\/wp\/v2\/posts"}],"about":[{"href":"https:\/\/eldiariodesanpedro.com.ar\/sitio\/wp-json\/wp\/v2\/types\/post"}],"author":[{"embeddable":true,"href":"https:\/\/eldiariodesanpedro.com.ar\/sitio\/wp-json\/wp\/v2\/users\/4"}],"replies":[{"embeddable":true,"href":"https:\/\/eldiariodesanpedro.com.ar\/sitio\/wp-json\/wp\/v2\/comments?post=33528"}],"version-history":[{"count":1,"href":"https:\/\/eldiariodesanpedro.com.ar\/sitio\/wp-json\/wp\/v2\/posts\/33528\/revisions"}],"predecessor-version":[{"id":33532,"href":"https:\/\/eldiariodesanpedro.com.ar\/sitio\/wp-json\/wp\/v2\/posts\/33528\/revisions\/33532"}],"wp:featuredmedia":[{"embeddable":true,"href":"https:\/\/eldiariodesanpedro.com.ar\/sitio\/wp-json\/wp\/v2\/media\/33530"}],"wp:attachment":[{"href":"https:\/\/eldiariodesanpedro.com.ar\/sitio\/wp-json\/wp\/v2\/media?parent=33528"}],"wp:term":[{"taxonomy":"category","embeddable":true,"href":"https:\/\/eldiariodesanpedro.com.ar\/sitio\/wp-json\/wp\/v2\/categories?post=33528"},{"taxonomy":"post_tag","embeddable":true,"href":"https:\/\/eldiariodesanpedro.com.ar\/sitio\/wp-json\/wp\/v2\/tags?post=33528"}],"curies":[{"name":"wp","href":"https:\/\/api.w.org\/{rel}","templated":true}]}}