{"id":33527,"date":"2018-05-21T20:53:32","date_gmt":"2018-05-21T23:53:32","guid":{"rendered":"https:\/\/eldiariodesanpedro.com.ar\/sitio\/?p=33527"},"modified":"2018-05-21T20:53:32","modified_gmt":"2018-05-21T23:53:32","slug":"san-nicolas-condenado-por-robar-a-mano-armada-en-un-negocio-donde-era-cliente-habitual","status":"publish","type":"post","link":"https:\/\/eldiariodesanpedro.com.ar\/sitio\/san-nicolas-condenado-por-robar-a-mano-armada-en-un-negocio-donde-era-cliente-habitual\/","title":{"rendered":"SAN NICOL\u00c1S: Condenado por robar a mano armada en un negocio donde era cliente habitual"},"content":{"rendered":"<p><!-- VideographyWP Plugin Message: Automatic video embedding prevented by plugin options. --><br \/>\n  La Sra. Juez del Tribunal en lo Criminal Nro. 1, Dra. Mar\u00eda Bel\u00e9n Oc\u00e1riz, resolvi\u00f3 condenar a Lucas Sebasti\u00e1n G., como autor penalmente responsable del delito de robo calificado por el uso de arma, en los t\u00e9rminos del art\u00edculo 166 inciso 2do p\u00e1rrafo 3ro del C\u00f3digo Penal, a la pena de tres a\u00f1os de prisi\u00f3n de ejecuci\u00f3n condicional, la que as\u00ed se impone por resultar primera condena y por haber sido pactado por las partes.<\/p>\n<p>  El 27 de mayo de 2016 aproximadamente a las 21,00 hs. en el comercio de venta de art\u00edculos de pesca y carnadas sito en Avda. Irigoyen del barrio California de San Nicol\u00e1s, Lucas Sebasti\u00e1n, mediante intimidaci\u00f3n con un arma de fuego tipo rev\u00f3lver ejercida contra Alejandra, propietaria del negocio, se apoder\u00f3 ileg\u00edtimamente de la suma de ochocientos pesos, producto de la recaudaci\u00f3n comercial, para luego retirarse del lugar.<\/p>\n<p><strong>Detenci\u00f3n<\/strong><br \/>\n  En el acta de procedimiento de la fecha mencionada se refleja que personal policial tom\u00f3 conocimiento de un hecho de robo a un comercio ubicado en jurisdicci\u00f3n de la Comisar\u00eda Segunda de San Nicol\u00e1s. Una vez en el lugar, avenida Irigoyen, los agentes se entrevistaron con la v\u00edctima, Alejandra, propietaria del negocio, quien narr\u00f3 las circunstancias en que un sujeto, cliente habitual de su comercio, se aperson\u00f3 en el mismo vestido con una campera negra con detalles en rojo y, mediante intimidaci\u00f3n con un arma de fuego y amenazas de muerte contra su persona, se apropi\u00f3 del dinero que ten\u00eda en la caja registradora.<br \/>\n  Inmediatamente los polic\u00edas procedieron a la aprehensi\u00f3n de un sujeto de similares caracter\u00edsticas a las aportadas por la damnificada y de cuyo pantal\u00f3n se secuestr\u00f3 la suma de 221 pesos, siendo identificado el sujeto como Lucas Sebasti\u00e1n G. <\/p>\n<p><strong>Testimonios<\/strong><br \/>\n  Alejandra narr\u00f3 que el d\u00eda 27 de mayo de 2016 alrededor de las 21,00 en circunstancias en que se encontraba atendiendo su comercio de venta de art\u00edculos de pesca y carnadas sito en su domicilio de Barrio California se present\u00f3  un sujeto a quien conoce como Lucas, vistiendo una campera de color negro con rojo, un gorro de lana color negro y una chalina de color rojo, quien simul\u00f3 realizar una compra, para luego, al momento de tener que efectuar el pago correspondiente, sacar un arma de fuego tipo rev\u00f3lver de entre sus prendas, con la cual la apunt\u00f3 a la altura del est\u00f3mago exigi\u00e9ndole el dinero de la caja y, que por eso le entreg\u00f3 una suma aproximada a ochocientos pesos. <\/p>\n<p>  Aport\u00f3 el domicilio del joven, sito en el mismo barrio y que ella misma, luego de llamar a emergencias policiales y entrevistarse con el personal policial que se constituy\u00f3 en su domicilio, a quienes les brind\u00f3 la misma informaci\u00f3n, fue corriendo hacia el domicilio del mencionado advirtiendo que \u00e9ste se encontraba en la esquina donde se domicilia y se\u00f1al\u00f3 al joven a los polic\u00edas, quienes procedieron a aprehenderlo, siendo testigo del secuestro en poder del detenido del dinero que minutos antes le sustrajera. <\/p>\n<p>  En el mismo acto se procedi\u00f3 a exhibirle a la v\u00edctima la campera de color negro y rojo de la marca Reebok, que le fuera secuestrada a Lucas, reconociendo la campera como la usada por \u00e9ste al momento del hecho y el dinero como el que le fuera sustra\u00eddo, destacando que as\u00ed lo advert\u00eda por la cantidad de billetes de dos pesos. Record\u00f3 que al momento de la aprehensi\u00f3n se encontraba tambi\u00e9n la madre de Lucas, que \u00e9sta trataba de defender a su hijo, y que ni ella ni su hijo jam\u00e1s hicieron referencia a que hab\u00eda otros sujetos dentro de su casa ni en el lugar.<br \/>\n  Agreg\u00f3 que el s\u00e1bado 28 de mayo se hizo presente en su negocio la madre de Lucas la cual le pregunt\u00f3 sobre lo que hab\u00eda pasado, le pidi\u00f3 disculpas, le pregunt\u00f3 por el monto de dinero que su hijo le hab\u00eda sustra\u00eddo y le ofreci\u00f3 pag\u00e1rselo, le dijo que le sal\u00eda m\u00e1s barato devolverle el dinero que pagarle a un abogado para que lo saque e, insisti\u00f3 en que levantara la denuncia.<\/p>\n","protected":false},"excerpt":{"rendered":"<p>La Sra. Juez del Tribunal en lo Criminal Nro. 1, Dra. Mar\u00eda Bel\u00e9n Oc\u00e1riz, resolvi\u00f3 condenar a Lucas Sebasti\u00e1n G., como autor penalmente responsable del delito de robo calificado por el uso de arma, en los t\u00e9rminos del art\u00edculo 166 inciso 2do p\u00e1rrafo 3ro del C\u00f3digo Penal, a la pena de tres a\u00f1os de prisi\u00f3n [&hellip;]<\/p>\n","protected":false},"author":4,"featured_media":0,"comment_status":"open","ping_status":"closed","sticky":false,"template":"","format":"standard","meta":{"om_disable_all_campaigns":false,"_jetpack_memberships_contains_paid_content":false,"footnotes":""},"categories":[621],"tags":[],"class_list":["post-33527","post","type-post","status-publish","format-standard","hentry","category-regionales"],"aioseo_notices":[],"gutentor_comment":0,"jetpack_featured_media_url":"","jetpack_shortlink":"https:\/\/wp.me\/p6RhLt-8IL","jetpack_sharing_enabled":true,"_links":{"self":[{"href":"https:\/\/eldiariodesanpedro.com.ar\/sitio\/wp-json\/wp\/v2\/posts\/33527","targetHints":{"allow":["GET"]}}],"collection":[{"href":"https:\/\/eldiariodesanpedro.com.ar\/sitio\/wp-json\/wp\/v2\/posts"}],"about":[{"href":"https:\/\/eldiariodesanpedro.com.ar\/sitio\/wp-json\/wp\/v2\/types\/post"}],"author":[{"embeddable":true,"href":"https:\/\/eldiariodesanpedro.com.ar\/sitio\/wp-json\/wp\/v2\/users\/4"}],"replies":[{"embeddable":true,"href":"https:\/\/eldiariodesanpedro.com.ar\/sitio\/wp-json\/wp\/v2\/comments?post=33527"}],"version-history":[{"count":1,"href":"https:\/\/eldiariodesanpedro.com.ar\/sitio\/wp-json\/wp\/v2\/posts\/33527\/revisions"}],"predecessor-version":[{"id":33529,"href":"https:\/\/eldiariodesanpedro.com.ar\/sitio\/wp-json\/wp\/v2\/posts\/33527\/revisions\/33529"}],"wp:attachment":[{"href":"https:\/\/eldiariodesanpedro.com.ar\/sitio\/wp-json\/wp\/v2\/media?parent=33527"}],"wp:term":[{"taxonomy":"category","embeddable":true,"href":"https:\/\/eldiariodesanpedro.com.ar\/sitio\/wp-json\/wp\/v2\/categories?post=33527"},{"taxonomy":"post_tag","embeddable":true,"href":"https:\/\/eldiariodesanpedro.com.ar\/sitio\/wp-json\/wp\/v2\/tags?post=33527"}],"curies":[{"name":"wp","href":"https:\/\/api.w.org\/{rel}","templated":true}]}}