{"id":33522,"date":"2018-05-21T20:50:29","date_gmt":"2018-05-21T23:50:29","guid":{"rendered":"https:\/\/eldiariodesanpedro.com.ar\/sitio\/?p=33522"},"modified":"2018-05-21T20:50:29","modified_gmt":"2018-05-21T23:50:29","slug":"campana-piden-mejorar-la-cobertura-de-alimentos-para-personas-celiacas","status":"publish","type":"post","link":"https:\/\/eldiariodesanpedro.com.ar\/sitio\/campana-piden-mejorar-la-cobertura-de-alimentos-para-personas-celiacas\/","title":{"rendered":"CAMPANA: Piden mejorar la cobertura de alimentos para personas cel\u00edacas"},"content":{"rendered":"<p><!-- VideographyWP Plugin Message: Automatic video embedding prevented by plugin options. --><br \/>\nEl HCD aprob\u00f3 una resoluci\u00f3n de los concejales del bloque UV M\u00e1s Campana, Axel Cantlon, Rosa Funes y Carlos G\u00f3mez, solicitando al Congreso de la Naci\u00f3n mejorar la cobertura y reembolso de dinero por alimentos para cel\u00edacos a las personas afiliadas a obras sociales o prepagas.<\/p>\n<p>  \u201cLas obras sociales o prepagas s\u00f3lo cubren un m\u00ednimo mensual de gastos en alimentos que obviamente no alcanza para cubrir una canasta razonable. La falta de acceso a los alimentos recetados para los cel\u00edacos afecta seriamente su salud\u201d, explic\u00f3 Axel Cantlon.<\/p>\n<p>  \u201cEs por eso que solicitamos al Congreso de la Naci\u00f3n para mejorar la cobertura y reembolso de dinero por alimentos para cel\u00edacos a las personas afiliadas a obras sociales o prepagas dado que s\u00f3lo cubren un monto fijo mensual que resulta insuficiente seg\u00fan las recomendaciones m\u00e9dicas\u201d, asever\u00f3 y a\u00f1adi\u00f3, \u201cmediante la Ley N\u00ba 26588 se declar\u00f3 de inter\u00e9s nacional la atenci\u00f3n m\u00e9dica, la investigaci\u00f3n cl\u00ednica y epidemiol\u00f3gica, la capacitaci\u00f3n profesional en la detecci\u00f3n temprana, diagn\u00f3stico y tratamiento de la enfermedad cel\u00edaca\u201d.<\/p>\n<p>  \u201cDe acuerdo a un informe t\u00e9cnico cient\u00edfico elaborado por la Unidad Coordinadora de Evaluaci\u00f3n de Tecnolog\u00eda Sanitaria del MINISTERIO DE SALUD, en Argentina existe un caso de enfermedad cel\u00edaca cada 79 ni\u00f1os y uno cada 167 adultos\u201d revel\u00f3, adem\u00e1s.<\/p>\n<p>  \u201cLa enfermedad cel\u00edaca es una condici\u00f3n permanente de intolerancia al gluten contenido en diversos alimentos, cuyo \u00fanico tratamiento disponible, hasta el momento, es una dieta libre de gluten\u201d, dijo.<\/p>\n<p>  \u201cEsa dieta reviste fundamental importancia, para evitar complicaciones de esta patolog\u00eda, por lo cual es central que los pacientes puedan acceder a los alimentos sin TACC. La legislaci\u00f3n vigente establece diferentes reg\u00edmenes destinados a fortalecer el control de los alimentos libre de gluten y tambi\u00e9n contribuye a la promoci\u00f3n de los alimentos autorizados por las autoridades competentes, y estableciendo la obligaci\u00f3n de rotularlos para su identificaci\u00f3n\u201d, concluy\u00f3.<\/p>\n","protected":false},"excerpt":{"rendered":"<p>El HCD aprob\u00f3 una resoluci\u00f3n de los concejales del bloque UV M\u00e1s Campana, Axel Cantlon, Rosa Funes y Carlos G\u00f3mez, solicitando al Congreso de la Naci\u00f3n mejorar la cobertura y reembolso de dinero por alimentos para cel\u00edacos a las personas afiliadas a obras sociales o prepagas. \u201cLas obras sociales o prepagas s\u00f3lo cubren un m\u00ednimo [&hellip;]<\/p>\n","protected":false},"author":4,"featured_media":33524,"comment_status":"open","ping_status":"closed","sticky":false,"template":"","format":"standard","meta":{"om_disable_all_campaigns":false,"_jetpack_memberships_contains_paid_content":false,"footnotes":""},"categories":[621],"tags":[],"class_list":["post-33522","post","type-post","status-publish","format-standard","has-post-thumbnail","hentry","category-regionales"],"aioseo_notices":[],"gutentor_comment":0,"jetpack_featured_media_url":"https:\/\/eldiariodesanpedro.com.ar\/sitio\/wp-content\/uploads\/2018\/05\/Piden-mejorar-la-cobertura-de-alimentos-para-personas-cel\u00edacas.jpg","jetpack_shortlink":"https:\/\/wp.me\/p6RhLt-8IG","jetpack_sharing_enabled":true,"_links":{"self":[{"href":"https:\/\/eldiariodesanpedro.com.ar\/sitio\/wp-json\/wp\/v2\/posts\/33522","targetHints":{"allow":["GET"]}}],"collection":[{"href":"https:\/\/eldiariodesanpedro.com.ar\/sitio\/wp-json\/wp\/v2\/posts"}],"about":[{"href":"https:\/\/eldiariodesanpedro.com.ar\/sitio\/wp-json\/wp\/v2\/types\/post"}],"author":[{"embeddable":true,"href":"https:\/\/eldiariodesanpedro.com.ar\/sitio\/wp-json\/wp\/v2\/users\/4"}],"replies":[{"embeddable":true,"href":"https:\/\/eldiariodesanpedro.com.ar\/sitio\/wp-json\/wp\/v2\/comments?post=33522"}],"version-history":[{"count":1,"href":"https:\/\/eldiariodesanpedro.com.ar\/sitio\/wp-json\/wp\/v2\/posts\/33522\/revisions"}],"predecessor-version":[{"id":33526,"href":"https:\/\/eldiariodesanpedro.com.ar\/sitio\/wp-json\/wp\/v2\/posts\/33522\/revisions\/33526"}],"wp:featuredmedia":[{"embeddable":true,"href":"https:\/\/eldiariodesanpedro.com.ar\/sitio\/wp-json\/wp\/v2\/media\/33524"}],"wp:attachment":[{"href":"https:\/\/eldiariodesanpedro.com.ar\/sitio\/wp-json\/wp\/v2\/media?parent=33522"}],"wp:term":[{"taxonomy":"category","embeddable":true,"href":"https:\/\/eldiariodesanpedro.com.ar\/sitio\/wp-json\/wp\/v2\/categories?post=33522"},{"taxonomy":"post_tag","embeddable":true,"href":"https:\/\/eldiariodesanpedro.com.ar\/sitio\/wp-json\/wp\/v2\/tags?post=33522"}],"curies":[{"name":"wp","href":"https:\/\/api.w.org\/{rel}","templated":true}]}}