{"id":33521,"date":"2018-05-21T20:49:20","date_gmt":"2018-05-21T23:49:20","guid":{"rendered":"https:\/\/eldiariodesanpedro.com.ar\/sitio\/?p=33521"},"modified":"2018-05-21T20:49:20","modified_gmt":"2018-05-21T23:49:20","slug":"corte-de-energia-programado-para-este-martes-2","status":"publish","type":"post","link":"https:\/\/eldiariodesanpedro.com.ar\/sitio\/corte-de-energia-programado-para-este-martes-2\/","title":{"rendered":"Corte de energ\u00eda programado para este martes"},"content":{"rendered":"<p><!-- VideographyWP Plugin Message: Automatic video embedding prevented by plugin options. --><br \/>\n  COOPSER informa que ma\u00f1ana martes 22 de mayo se efectuar\u00e1 un corte de energ\u00eda para cumplir tareas de mantenimiento con el siguiente diagrama:<\/p>\n<p>-8 a 8:15 y 11:15 a 11:30 Zona de Escuela 27, Calle Laprida desde Crucero General Belgrano hasta Depietri.<\/p>\n<p>-8 a 11:30 Hs Noseda, Frers, Crucero Gral. Belgrano y Benito. Urraco (Barrio Club Los Andes).<br \/>\nEste corte incluye el pozo de agua ubicado en calle Noseda y Benito Urraco. <\/p>\n","protected":false},"excerpt":{"rendered":"<p>COOPSER informa que ma\u00f1ana martes 22 de mayo se efectuar\u00e1 un corte de energ\u00eda para cumplir tareas de mantenimiento con el siguiente diagrama: -8 a 8:15 y 11:15 a 11:30 Zona de Escuela 27, Calle Laprida desde Crucero General Belgrano hasta Depietri. -8 a 11:30 Hs Noseda, Frers, Crucero Gral. Belgrano y Benito. Urraco (Barrio [&hellip;]<\/p>\n","protected":false},"author":4,"featured_media":22767,"comment_status":"open","ping_status":"closed","sticky":false,"template":"","format":"standard","meta":{"om_disable_all_campaigns":false,"_jetpack_memberships_contains_paid_content":false,"footnotes":""},"categories":[101,2],"tags":[],"class_list":["post-33521","post","type-post","status-publish","format-standard","has-post-thumbnail","hentry","category-interes-general-locales","category-locales"],"aioseo_notices":[],"gutentor_comment":0,"jetpack_featured_media_url":"https:\/\/eldiariodesanpedro.com.ar\/sitio\/wp-content\/uploads\/2017\/09\/tareas-realizadas-cuadrillas-de-Coopser.jpg","jetpack_shortlink":"https:\/\/wp.me\/p6RhLt-8IF","jetpack_sharing_enabled":true,"_links":{"self":[{"href":"https:\/\/eldiariodesanpedro.com.ar\/sitio\/wp-json\/wp\/v2\/posts\/33521","targetHints":{"allow":["GET"]}}],"collection":[{"href":"https:\/\/eldiariodesanpedro.com.ar\/sitio\/wp-json\/wp\/v2\/posts"}],"about":[{"href":"https:\/\/eldiariodesanpedro.com.ar\/sitio\/wp-json\/wp\/v2\/types\/post"}],"author":[{"embeddable":true,"href":"https:\/\/eldiariodesanpedro.com.ar\/sitio\/wp-json\/wp\/v2\/users\/4"}],"replies":[{"embeddable":true,"href":"https:\/\/eldiariodesanpedro.com.ar\/sitio\/wp-json\/wp\/v2\/comments?post=33521"}],"version-history":[{"count":1,"href":"https:\/\/eldiariodesanpedro.com.ar\/sitio\/wp-json\/wp\/v2\/posts\/33521\/revisions"}],"predecessor-version":[{"id":33523,"href":"https:\/\/eldiariodesanpedro.com.ar\/sitio\/wp-json\/wp\/v2\/posts\/33521\/revisions\/33523"}],"wp:featuredmedia":[{"embeddable":true,"href":"https:\/\/eldiariodesanpedro.com.ar\/sitio\/wp-json\/wp\/v2\/media\/22767"}],"wp:attachment":[{"href":"https:\/\/eldiariodesanpedro.com.ar\/sitio\/wp-json\/wp\/v2\/media?parent=33521"}],"wp:term":[{"taxonomy":"category","embeddable":true,"href":"https:\/\/eldiariodesanpedro.com.ar\/sitio\/wp-json\/wp\/v2\/categories?post=33521"},{"taxonomy":"post_tag","embeddable":true,"href":"https:\/\/eldiariodesanpedro.com.ar\/sitio\/wp-json\/wp\/v2\/tags?post=33521"}],"curies":[{"name":"wp","href":"https:\/\/api.w.org\/{rel}","templated":true}]}}