{"id":33515,"date":"2018-05-21T19:31:06","date_gmt":"2018-05-21T22:31:06","guid":{"rendered":"https:\/\/eldiariodesanpedro.com.ar\/sitio\/?p=33515"},"modified":"2018-05-21T19:31:06","modified_gmt":"2018-05-21T22:31:06","slug":"un-mecanico-herido-mientras-reparaba-un-barco-arenero","status":"publish","type":"post","link":"https:\/\/eldiariodesanpedro.com.ar\/sitio\/un-mecanico-herido-mientras-reparaba-un-barco-arenero\/","title":{"rendered":"Un mec\u00e1nico herido mientras reparaba un barco arenero"},"content":{"rendered":"<p><!-- VideographyWP Plugin Message: Automatic video embedding prevented by plugin options. --><br \/>\nEn la tarde del lunes bomberos voluntarios se dirigieron hasta la empresa arenera \u00abSan Pedro Arenas\u00bb ubicada en el bajo cementerio donde debieron socorrer a un hombre que se encontraba reparando una barco arenero sufriendo lesiones graves en una de sus piernas tras quedar atorado.<\/p>\n<p>El mec\u00e1nico de 33 a\u00f1os oriundo de la localidad de San Nicol\u00e1s se encontraba trabajando reparando uno de los barcos y por motivos que se tratan de establecer su pierna quedo atrapada en una polea por lo que se hizo presente una dotaci\u00f3n de Bomberos Voluntarios y la ambulancia perteneciente al SAME.<\/p>\n<p>El operario hab\u00eda llegado a la ciudad el d\u00eda de hoy para realizar reparaciones, y luego del accidente fue llevado hasta la guardia del hospital Emilio ruffa donde en se constat\u00f3 la fractura de la pierna.<\/p>\n<p><img decoding=\"async\" data-attachment-id=\"33518\" data-permalink=\"https:\/\/eldiariodesanpedro.com.ar\/sitio\/un-mecanico-herido-mientras-reparaba-un-barco-arenero\/whatsapp-image-2018-05-21-at-19-26-34-2\/\" data-orig-file=\"https:\/\/eldiariodesanpedro.com.ar\/sitio\/wp-content\/uploads\/2018\/05\/WhatsApp-Image-2018-05-21-at-19.26.34-1.jpeg\" data-orig-size=\"1280,720\" data-comments-opened=\"1\" data-image-meta=\"{&quot;aperture&quot;:&quot;0&quot;,&quot;credit&quot;:&quot;&quot;,&quot;camera&quot;:&quot;&quot;,&quot;caption&quot;:&quot;&quot;,&quot;created_timestamp&quot;:&quot;0&quot;,&quot;copyright&quot;:&quot;&quot;,&quot;focal_length&quot;:&quot;0&quot;,&quot;iso&quot;:&quot;0&quot;,&quot;shutter_speed&quot;:&quot;0&quot;,&quot;title&quot;:&quot;&quot;,&quot;orientation&quot;:&quot;0&quot;}\" data-image-title=\"WhatsApp Image 2018-05-21 at 19.26.34\" data-image-description=\"\" data-image-caption=\"\" data-large-file=\"https:\/\/eldiariodesanpedro.com.ar\/sitio\/wp-content\/uploads\/2018\/05\/WhatsApp-Image-2018-05-21-at-19.26.34-1-1024x576.jpeg\" class=\"size-large wp-image-33518 aligncenter lazyload\" data-src=\"https:\/\/eldiariodesanpedro.com.ar\/sitio\/wp-content\/uploads\/2018\/05\/WhatsApp-Image-2018-05-21-at-19.26.34-1-1024x576.jpeg\" alt=\"\" width=\"660\" height=\"371\" data-srcset=\"https:\/\/eldiariodesanpedro.com.ar\/sitio\/wp-content\/uploads\/2018\/05\/WhatsApp-Image-2018-05-21-at-19.26.34-1-1024x576.jpeg 1024w, https:\/\/eldiariodesanpedro.com.ar\/sitio\/wp-content\/uploads\/2018\/05\/WhatsApp-Image-2018-05-21-at-19.26.34-1-300x169.jpeg 300w, https:\/\/eldiariodesanpedro.com.ar\/sitio\/wp-content\/uploads\/2018\/05\/WhatsApp-Image-2018-05-21-at-19.26.34-1-768x432.jpeg 768w, https:\/\/eldiariodesanpedro.com.ar\/sitio\/wp-content\/uploads\/2018\/05\/WhatsApp-Image-2018-05-21-at-19.26.34-1.jpeg 1280w\" data-sizes=\"(max-width: 660px) 100vw, 660px\" src=\"data:image\/svg+xml;base64,PHN2ZyB3aWR0aD0iMSIgaGVpZ2h0PSIxIiB4bWxucz0iaHR0cDovL3d3dy53My5vcmcvMjAwMC9zdmciPjwvc3ZnPg==\" style=\"--smush-placeholder-width: 660px; --smush-placeholder-aspect-ratio: 660\/371;\" \/><\/p>\n","protected":false},"excerpt":{"rendered":"<p>En la tarde del lunes bomberos voluntarios se dirigieron hasta la empresa arenera \u00abSan Pedro Arenas\u00bb ubicada en el bajo cementerio donde debieron socorrer a un hombre que se encontraba reparando una barco arenero sufriendo lesiones graves en una de sus piernas tras quedar atorado. El mec\u00e1nico de 33 a\u00f1os oriundo de la localidad de [&hellip;]<\/p>\n","protected":false},"author":4,"featured_media":33516,"comment_status":"open","ping_status":"closed","sticky":false,"template":"","format":"standard","meta":{"om_disable_all_campaigns":false,"_jetpack_memberships_contains_paid_content":false,"footnotes":""},"categories":[2,103],"tags":[],"class_list":["post-33515","post","type-post","status-publish","format-standard","has-post-thumbnail","hentry","category-locales","category-policiales-locales"],"aioseo_notices":[],"gutentor_comment":0,"jetpack_featured_media_url":"https:\/\/eldiariodesanpedro.com.ar\/sitio\/wp-content\/uploads\/2018\/05\/PAGINA-3-4.jpeg","jetpack_shortlink":"https:\/\/wp.me\/p6RhLt-8Iz","jetpack_sharing_enabled":true,"_links":{"self":[{"href":"https:\/\/eldiariodesanpedro.com.ar\/sitio\/wp-json\/wp\/v2\/posts\/33515","targetHints":{"allow":["GET"]}}],"collection":[{"href":"https:\/\/eldiariodesanpedro.com.ar\/sitio\/wp-json\/wp\/v2\/posts"}],"about":[{"href":"https:\/\/eldiariodesanpedro.com.ar\/sitio\/wp-json\/wp\/v2\/types\/post"}],"author":[{"embeddable":true,"href":"https:\/\/eldiariodesanpedro.com.ar\/sitio\/wp-json\/wp\/v2\/users\/4"}],"replies":[{"embeddable":true,"href":"https:\/\/eldiariodesanpedro.com.ar\/sitio\/wp-json\/wp\/v2\/comments?post=33515"}],"version-history":[{"count":1,"href":"https:\/\/eldiariodesanpedro.com.ar\/sitio\/wp-json\/wp\/v2\/posts\/33515\/revisions"}],"predecessor-version":[{"id":33519,"href":"https:\/\/eldiariodesanpedro.com.ar\/sitio\/wp-json\/wp\/v2\/posts\/33515\/revisions\/33519"}],"wp:featuredmedia":[{"embeddable":true,"href":"https:\/\/eldiariodesanpedro.com.ar\/sitio\/wp-json\/wp\/v2\/media\/33516"}],"wp:attachment":[{"href":"https:\/\/eldiariodesanpedro.com.ar\/sitio\/wp-json\/wp\/v2\/media?parent=33515"}],"wp:term":[{"taxonomy":"category","embeddable":true,"href":"https:\/\/eldiariodesanpedro.com.ar\/sitio\/wp-json\/wp\/v2\/categories?post=33515"},{"taxonomy":"post_tag","embeddable":true,"href":"https:\/\/eldiariodesanpedro.com.ar\/sitio\/wp-json\/wp\/v2\/tags?post=33515"}],"curies":[{"name":"wp","href":"https:\/\/api.w.org\/{rel}","templated":true}]}}