{"id":33512,"date":"2018-05-21T18:50:33","date_gmt":"2018-05-21T21:50:33","guid":{"rendered":"https:\/\/eldiariodesanpedro.com.ar\/sitio\/?p=33512"},"modified":"2018-05-21T18:50:33","modified_gmt":"2018-05-21T21:50:33","slug":"los-docentes-pararan-esta-semana-por-48-horas","status":"publish","type":"post","link":"https:\/\/eldiariodesanpedro.com.ar\/sitio\/los-docentes-pararan-esta-semana-por-48-horas\/","title":{"rendered":"Los docentes parar\u00e1n esta semana por 48 horas"},"content":{"rendered":"<p><!-- VideographyWP Plugin Message: Automatic video embedding prevented by plugin options. --><br \/>\nLa huelga del 22 de mayo es provincial, convocada por el Frente de Unidad Docente bonaerense fundamentalmente por el reclamo de paritarias y la del 23, nacional, organizada por CTERA en el marco de una marcha federal educativa que sostiene una serie de consignas.<br \/>\nAnte la falta de respuesta del gobierno nacional y provincial a una serie de demandas docentes, entre ellas salariales, los docentes parar\u00e1n esta semana por dos d\u00edas. Ser\u00e1 ma\u00f1ana y el mi\u00e9rcoles. La huelga del 22 de mayo es provincial, convocada por el Frente de Unidad Docente bonaerense fundamentalmente por el reclamo de paritarias y la del 23, nacional, organizada por CTERA en el marco de una marcha federal educativa que sostiene una serie de consignas. La medida afectar\u00e1 mayormente a las escuelas de gesti\u00f3n p\u00fablica en nuestra ciudad.<br \/>\n\u00abCreemos que la educaci\u00f3n p\u00fablica est\u00e1 en peligro, como en los a\u00f1os 90, con un Estado ausente que se desresponsabiliza\u00bb, dice el texto de la Carta a la Comunidad que los maestros, durante los d\u00edas previos, entregar\u00e1n a las familias de los alumnos para comunicar \u201clos graves problemas\u201d que atraviesan y las propuestas de Ctera para solucionarlos. \u201cQuisimos por todos los medios \u2018dialogar\u2019, buscar soluciones a estas problem\u00e1ticas que atentan contra la educaci\u00f3n de calidad, que perjudica a millones de alumnos y estudiantes y a docenas de miles de docentes de todo el pa\u00eds, pero desde el gobierno s\u00f3lo obtuvimos o\u00eddos sordos y puertas cerradas\u201d, se\u00f1ala el documento.<\/p>\n<p>Pendiente<br \/>\nLa Confederaci\u00f3n de Trabajadores de la Educaci\u00f3n anunci\u00f3 que la segunda Marcha Federal Educativa comenzar\u00e1 hoy y que partir\u00e1 desde distintos puntos del pa\u00eds y culminar\u00e1 el mi\u00e9rcoles 23 con un paro nacional y una concentraci\u00f3n en Plaza de Mayo. Suteba San Nicol\u00e1s fue uno de los primeros gremios del Frente de Unidad Docente que ratific\u00f3 su participaci\u00f3n en la medida dado que es un sindicato de base de CTERA. Finalmente, el FUD Bonaerense se sumar\u00e1. El plan de acci\u00f3n incluye el reclamo de la convocatoria a la paritaria nacional docente, contra los techos salariales, por la resoluci\u00f3n de los conflictos provinciales, por una nueva Ley de Financiamiento Educativo y en defensa de los institutos superiores, entre otros puntos.<br \/>\n\u201cLa decisi\u00f3n del Gobierno Nacional de eliminar por Decreto N\u00ba 52\/2018 la Paritaria Nacional Docente y subejecutar las partidas presupuestarias para educaci\u00f3n, no solo ha profundizado los conflictos docentes sino que los ha multiplicado en todo el pa\u00eds. Persisten a esta fecha conflictos de distinta naturaleza con una ra\u00edz en com\u00fan, que tiene que ver con el incumplimiento de su gobierno de la Ley de Financiamiento Educativo, lo que produce falta de inversi\u00f3n en las escuelas, ajuste en las provincias, desmantelamiento de los Programas Socioeducativos, suspensi\u00f3n del Programa Nacional de Educaci\u00f3n Sexual Integral, cierre de escuelas e institutos, problemas de infraestructura, interrupci\u00f3n en la distribuci\u00f3n de libros y computadoras, falta de creaci\u00f3n de escuelas, desfinanciamiento de las escuelas t\u00e9cnicas, no continuidad de la formaci\u00f3n docente en ejercicio, entre otras problem\u00e1ticas. Por todo esto solicitamos una audiencia en car\u00e1cter de urgente, dado que la realidad educativa se viene agravando y advertimos que de no tomarse medidas esta situaci\u00f3n empeorar\u00e1. Exigimos al Gobierno Nacional que convoque urgente a la Paritaria Nacional Docente y a los gobiernos provinciales que den una pronta soluci\u00f3n a los conflictos educativos. A\u00fan persisten conflictos en Chubut, Neuqu\u00e9n, Chaco, Corrientes, Entre R\u00edos, Provincia de Buenos Aires, Santa Cruz, Tierra del Fuego, Jujuy, Mendoza y Ciudad de Buenos Aires\u201d, concluyeron.<\/p>\n<p>Sin acuerdo<br \/>\nTras la corrida cambiaria y la suba del d\u00f3lar, el Frente de Unidad Docente bonaerense anunci\u00f3 pedir\u00e1 en las negociaciones paritarias con el gobierno de Mar\u00eda Eugenia Vidal un 25 por ciento de aumento y una cl\u00e1usula gatillo.<br \/>\nEn el \u00faltimo encuentro paritario, la Provincia ofreci\u00f3 un aumento del 10 por ciento en tres cuotas para el primer semestre y un plus de hasta 3000 pesos por presentismo. Adem\u00e1s, se compromet\u00eda a retomar las negociaciones paritarias en julio. La propuesta fue rechazada por los sindicatos.<br \/>\nEl gobierno provincial adelant\u00f3 esta semana que otorgar\u00e1 un nuevo aumento \u201cunilateral\u201d a los docentes. La mejora ser\u00e1 del 2 por ciento, a cuenta de la paritaria salarial, actualmente estancada, y mil pesos en concepto de presentismo -que tambi\u00e9n se entregar\u00e1n a fines de mayo- para aquellos que no hayan faltado a clases, con lo que se llevar\u00e1 el incremento de sueldos en lo que va del a\u00f1o hasta el 10 por ciento.<\/p>\n","protected":false},"excerpt":{"rendered":"<p>La huelga del 22 de mayo es provincial, convocada por el Frente de Unidad Docente bonaerense fundamentalmente por el reclamo de paritarias y la del 23, nacional, organizada por CTERA en el marco de una marcha federal educativa que sostiene una serie de consignas. Ante la falta de respuesta del gobierno nacional y provincial a [&hellip;]<\/p>\n","protected":false},"author":4,"featured_media":33513,"comment_status":"open","ping_status":"closed","sticky":false,"template":"","format":"standard","meta":{"om_disable_all_campaigns":false,"_jetpack_memberships_contains_paid_content":false,"footnotes":""},"categories":[101,2],"tags":[],"class_list":["post-33512","post","type-post","status-publish","format-standard","has-post-thumbnail","hentry","category-interes-general-locales","category-locales"],"aioseo_notices":[],"gutentor_comment":0,"jetpack_featured_media_url":"https:\/\/eldiariodesanpedro.com.ar\/sitio\/wp-content\/uploads\/2018\/05\/PAGINA-4-3.jpg","jetpack_shortlink":"https:\/\/wp.me\/p6RhLt-8Iw","jetpack_sharing_enabled":true,"_links":{"self":[{"href":"https:\/\/eldiariodesanpedro.com.ar\/sitio\/wp-json\/wp\/v2\/posts\/33512","targetHints":{"allow":["GET"]}}],"collection":[{"href":"https:\/\/eldiariodesanpedro.com.ar\/sitio\/wp-json\/wp\/v2\/posts"}],"about":[{"href":"https:\/\/eldiariodesanpedro.com.ar\/sitio\/wp-json\/wp\/v2\/types\/post"}],"author":[{"embeddable":true,"href":"https:\/\/eldiariodesanpedro.com.ar\/sitio\/wp-json\/wp\/v2\/users\/4"}],"replies":[{"embeddable":true,"href":"https:\/\/eldiariodesanpedro.com.ar\/sitio\/wp-json\/wp\/v2\/comments?post=33512"}],"version-history":[{"count":1,"href":"https:\/\/eldiariodesanpedro.com.ar\/sitio\/wp-json\/wp\/v2\/posts\/33512\/revisions"}],"predecessor-version":[{"id":33514,"href":"https:\/\/eldiariodesanpedro.com.ar\/sitio\/wp-json\/wp\/v2\/posts\/33512\/revisions\/33514"}],"wp:featuredmedia":[{"embeddable":true,"href":"https:\/\/eldiariodesanpedro.com.ar\/sitio\/wp-json\/wp\/v2\/media\/33513"}],"wp:attachment":[{"href":"https:\/\/eldiariodesanpedro.com.ar\/sitio\/wp-json\/wp\/v2\/media?parent=33512"}],"wp:term":[{"taxonomy":"category","embeddable":true,"href":"https:\/\/eldiariodesanpedro.com.ar\/sitio\/wp-json\/wp\/v2\/categories?post=33512"},{"taxonomy":"post_tag","embeddable":true,"href":"https:\/\/eldiariodesanpedro.com.ar\/sitio\/wp-json\/wp\/v2\/tags?post=33512"}],"curies":[{"name":"wp","href":"https:\/\/api.w.org\/{rel}","templated":true}]}}