{"id":33508,"date":"2018-05-21T18:39:25","date_gmt":"2018-05-21T21:39:25","guid":{"rendered":"https:\/\/eldiariodesanpedro.com.ar\/sitio\/?p=33508"},"modified":"2018-05-21T18:40:11","modified_gmt":"2018-05-21T21:40:11","slug":"el-senador-bullrich-escucho-inquietudes-del-sector-productivo-de-san-pedro","status":"publish","type":"post","link":"https:\/\/eldiariodesanpedro.com.ar\/sitio\/el-senador-bullrich-escucho-inquietudes-del-sector-productivo-de-san-pedro\/","title":{"rendered":"El Senador Bullrich escuch\u00f3 inquietudes del sector productivo de San Pedro"},"content":{"rendered":"<p><!-- VideographyWP Plugin Message: Automatic video embedding prevented by plugin options. --><br \/>\nEste lunes 21 de mayo visit\u00f3 nuestra ciudad el Senador Nacional por la Provincia de Buenos Aires Esteban Bullrich, acompa\u00f1ado por el Ministro de la Producci\u00f3n Javier Tizado y el Subsecretario de Agricultura de la Provincia de Buenos Aires, Miguel Tezanos Pinto, para cumplir con una serie de actividades coordinadas desde la Secretar\u00eda de Gobierno y la Subsecretar\u00eda de Desarrollo Econ\u00f3mico de la Municipalidad de San Pedro.<\/p>\n<p>El Senador arrib\u00f3 al Aeroclub de San Pedro y se uni\u00f3 a la comitiva que lo acompa\u00f1\u00f3 en la visita junto al Intendente Municipal Cecilio Salazar, el Secretario de Coordinaci\u00f3n Ram\u00f3n Salazar, el Secretario de Gobierno Silvio Corti y el Subsecretario de Desarrollo Econ\u00f3mico Alfredo Camilletti. <\/p>\n<p>La agenda comenz\u00f3 en un monte de limones de la familia Barr\u00e9 en el que tomaron contacto con la situaci\u00f3n general de la producci\u00f3n de c\u00edtricos de San Pedro que viene recuperando un espacio importante como el que tuvo en otros tiempos, con la necesidad de que se acent\u00fae la pol\u00edtica de apoyo para quienes vuelven a optar por este tipo de producci\u00f3n intensiva.<\/p>\n<p>Desde all\u00ed se dirigieron al galp\u00f3n de empaque de la firma Morresi Fruit, uno de los establecimientos m\u00e1s modernos dentro del rubro que trabaja todo el a\u00f1o con producciones de la regi\u00f3n y con la que llega desde montes de diferentes puntos del pa\u00eds.<\/p>\n<p>Llegaron tambi\u00e9n a la terminal log\u00edstica Ruta 9 Group sobre ruta 1001 para recorrer sus galpones que incluyen c\u00e1maras de congelados y en donde asumi\u00f3 el compromiso de colaborar con los tr\u00e1mites que restan para que se habilite all\u00ed un Deposito Fiscal.<\/p>\n<p>La recorrida se complet\u00f3 en el Puerto de San Pedro que lo recibi\u00f3 en plena operatoria de carga de c\u00edtricos. All\u00ed acompa\u00f1ado por las autoridades del Consorcio de Gesti\u00f3n recibi\u00f3 informaci\u00f3n sobre la situaci\u00f3n actual, los proyectos y las caracter\u00edsticas que ofrece.<\/p>\n<p>La intenci\u00f3n en el armado de la agenda fue poner a su disposici\u00f3n una muestra del esquema que desde la Municipalidad de San Pedro se pretende repotenciar con la producci\u00f3n, el empaque, la log\u00edstica y la puerta al mundo como pilares de un circuito virtuoso para toda la regi\u00f3n.<\/p>\n<p>En el restaurante del Club N\u00e1utico San Pedro, el Senador plante\u00f3 junto a sus colaboradores una din\u00e1mica de intercambio de inquietudes recibiendo a miembros de la Mesa Multisectorial, productores y funcionarios. El Intendente Cecilio Salazar destac\u00f3 el compromiso de Bullrich con su visita que comenz\u00f3 a gestarse en un encuentro en Expoagro y en una posterior visita al BICE en donde hablaron sobre la importancia de nuestra zona.<\/p>\n<p>Las respuestas financieras que se plantean para enfrentar la Emergencia Agropecuaria con el otorgamiento de mayores plazos para los productores, la implementaci\u00f3n de fondos de garant\u00edas, consultor\u00edas para evaluar el m\u00e1ximo aprovechamiento de los insumos, las preocupaciones sobre seguridad rural y las acciones conjuntas con organismos t\u00e9cnicos, formaron parte del debate. <\/p>\n<p>El cierre de la visita se concret\u00f3 con una conferencia de prensa en la que se evalu\u00f3 como muy positiva la recorrida, destacando que esta charla fue el punto de partida encuentros en el corto plazo, con el objetivo de seguir trabajando para la recuperaci\u00f3n de la fruticultura y todo lo que representa para el Partido de San Pedro.<\/p>\n<p><iframe data-src=\"https:\/\/www.facebook.com\/plugins\/video.php?href=https%3A%2F%2Fwww.facebook.com%2Feldiario.desanpedro%2Fvideos%2F771214259754382%2F&#038;show_text=0&#038;width=560\" width=\"560\" height=\"322\" style=\"border:none;overflow:hidden\" scrolling=\"no\" frameborder=\"0\" allowTransparency=\"true\" allowFullScreen=\"true\" src=\"data:image\/svg+xml;base64,PHN2ZyB3aWR0aD0iMSIgaGVpZ2h0PSIxIiB4bWxucz0iaHR0cDovL3d3dy53My5vcmcvMjAwMC9zdmciPjwvc3ZnPg==\" class=\"lazyload\" data-load-mode=\"1\"><\/iframe><\/p>\n","protected":false},"excerpt":{"rendered":"<p>Este lunes 21 de mayo visit\u00f3 nuestra ciudad el Senador Nacional por la Provincia de Buenos Aires Esteban Bullrich, acompa\u00f1ado por el Ministro de la Producci\u00f3n Javier Tizado y el Subsecretario de Agricultura de la Provincia de Buenos Aires, Miguel Tezanos Pinto, para cumplir con una serie de actividades coordinadas desde la Secretar\u00eda de Gobierno [&hellip;]<\/p>\n","protected":false},"author":4,"featured_media":33509,"comment_status":"open","ping_status":"closed","sticky":false,"template":"","format":"standard","meta":{"om_disable_all_campaigns":false,"_jetpack_memberships_contains_paid_content":false,"footnotes":""},"categories":[50,2,102],"tags":[],"class_list":["post-33508","post","type-post","status-publish","format-standard","has-post-thumbnail","hentry","category-destacadas","category-locales","category-politica-locales"],"aioseo_notices":[],"gutentor_comment":0,"jetpack_featured_media_url":"https:\/\/eldiariodesanpedro.com.ar\/sitio\/wp-content\/uploads\/2018\/05\/TAPA-1-e1526938735924.jpg","jetpack_shortlink":"https:\/\/wp.me\/p6RhLt-8Is","jetpack_sharing_enabled":true,"_links":{"self":[{"href":"https:\/\/eldiariodesanpedro.com.ar\/sitio\/wp-json\/wp\/v2\/posts\/33508","targetHints":{"allow":["GET"]}}],"collection":[{"href":"https:\/\/eldiariodesanpedro.com.ar\/sitio\/wp-json\/wp\/v2\/posts"}],"about":[{"href":"https:\/\/eldiariodesanpedro.com.ar\/sitio\/wp-json\/wp\/v2\/types\/post"}],"author":[{"embeddable":true,"href":"https:\/\/eldiariodesanpedro.com.ar\/sitio\/wp-json\/wp\/v2\/users\/4"}],"replies":[{"embeddable":true,"href":"https:\/\/eldiariodesanpedro.com.ar\/sitio\/wp-json\/wp\/v2\/comments?post=33508"}],"version-history":[{"count":2,"href":"https:\/\/eldiariodesanpedro.com.ar\/sitio\/wp-json\/wp\/v2\/posts\/33508\/revisions"}],"predecessor-version":[{"id":33511,"href":"https:\/\/eldiariodesanpedro.com.ar\/sitio\/wp-json\/wp\/v2\/posts\/33508\/revisions\/33511"}],"wp:featuredmedia":[{"embeddable":true,"href":"https:\/\/eldiariodesanpedro.com.ar\/sitio\/wp-json\/wp\/v2\/media\/33509"}],"wp:attachment":[{"href":"https:\/\/eldiariodesanpedro.com.ar\/sitio\/wp-json\/wp\/v2\/media?parent=33508"}],"wp:term":[{"taxonomy":"category","embeddable":true,"href":"https:\/\/eldiariodesanpedro.com.ar\/sitio\/wp-json\/wp\/v2\/categories?post=33508"},{"taxonomy":"post_tag","embeddable":true,"href":"https:\/\/eldiariodesanpedro.com.ar\/sitio\/wp-json\/wp\/v2\/tags?post=33508"}],"curies":[{"name":"wp","href":"https:\/\/api.w.org\/{rel}","templated":true}]}}