{"id":33506,"date":"2018-05-21T15:19:29","date_gmt":"2018-05-21T18:19:29","guid":{"rendered":"https:\/\/eldiariodesanpedro.com.ar\/sitio\/?p=33506"},"modified":"2018-05-21T15:19:29","modified_gmt":"2018-05-21T18:19:29","slug":"tres-robos-en-quintas-de-la-zona-del-camino-al-aeroclub","status":"publish","type":"post","link":"https:\/\/eldiariodesanpedro.com.ar\/sitio\/tres-robos-en-quintas-de-la-zona-del-camino-al-aeroclub\/","title":{"rendered":"Tres robos en quintas de la zona del camino al aeroclub"},"content":{"rendered":"<p><!-- VideographyWP Plugin Message: Automatic video embedding prevented by plugin options. --><br \/>\nUn joven de 27 a\u00f1os denuncio en la dependencia policial local que en horas de la madrugada, alrededor de las 2 hs del domingo recibe un llamado de la empresa de alarmas a su celular donde es alertado que en su quinta ubicada en Moj\u00f3n 202 se habr\u00eda activado la misma. <\/p>\n<p>Al llegar a su propiedad constata que el alambrado perimetral estaba roto, que personas no identificadas ingresaron al lugar forzando la puerta balc\u00f3n de su vivienda y d\u00e1ndose a la fuga llev\u00e1ndose electrodom\u00e9sticos.<\/p>\n<p>Al mismo tiempo Se constataron hechos de las mismas caracter\u00edsticas en otras dos quintas de la zona.<\/p>\n","protected":false},"excerpt":{"rendered":"<p>Un joven de 27 a\u00f1os denuncio en la dependencia policial local que en horas de la madrugada, alrededor de las 2 hs del domingo recibe un llamado de la empresa de alarmas a su celular donde es alertado que en su quinta ubicada en Moj\u00f3n 202 se habr\u00eda activado la misma. Al llegar a su [&hellip;]<\/p>\n","protected":false},"author":4,"featured_media":22505,"comment_status":"open","ping_status":"closed","sticky":false,"template":"","format":"standard","meta":{"om_disable_all_campaigns":false,"_jetpack_memberships_contains_paid_content":false,"footnotes":""},"categories":[2,103],"tags":[],"class_list":["post-33506","post","type-post","status-publish","format-standard","has-post-thumbnail","hentry","category-locales","category-policiales-locales"],"aioseo_notices":[],"gutentor_comment":0,"jetpack_featured_media_url":"https:\/\/eldiariodesanpedro.com.ar\/sitio\/wp-content\/uploads\/2017\/08\/camioneta-policia-zona-rural.jpg","jetpack_shortlink":"https:\/\/wp.me\/p6RhLt-8Iq","jetpack_sharing_enabled":true,"_links":{"self":[{"href":"https:\/\/eldiariodesanpedro.com.ar\/sitio\/wp-json\/wp\/v2\/posts\/33506","targetHints":{"allow":["GET"]}}],"collection":[{"href":"https:\/\/eldiariodesanpedro.com.ar\/sitio\/wp-json\/wp\/v2\/posts"}],"about":[{"href":"https:\/\/eldiariodesanpedro.com.ar\/sitio\/wp-json\/wp\/v2\/types\/post"}],"author":[{"embeddable":true,"href":"https:\/\/eldiariodesanpedro.com.ar\/sitio\/wp-json\/wp\/v2\/users\/4"}],"replies":[{"embeddable":true,"href":"https:\/\/eldiariodesanpedro.com.ar\/sitio\/wp-json\/wp\/v2\/comments?post=33506"}],"version-history":[{"count":1,"href":"https:\/\/eldiariodesanpedro.com.ar\/sitio\/wp-json\/wp\/v2\/posts\/33506\/revisions"}],"predecessor-version":[{"id":33507,"href":"https:\/\/eldiariodesanpedro.com.ar\/sitio\/wp-json\/wp\/v2\/posts\/33506\/revisions\/33507"}],"wp:featuredmedia":[{"embeddable":true,"href":"https:\/\/eldiariodesanpedro.com.ar\/sitio\/wp-json\/wp\/v2\/media\/22505"}],"wp:attachment":[{"href":"https:\/\/eldiariodesanpedro.com.ar\/sitio\/wp-json\/wp\/v2\/media?parent=33506"}],"wp:term":[{"taxonomy":"category","embeddable":true,"href":"https:\/\/eldiariodesanpedro.com.ar\/sitio\/wp-json\/wp\/v2\/categories?post=33506"},{"taxonomy":"post_tag","embeddable":true,"href":"https:\/\/eldiariodesanpedro.com.ar\/sitio\/wp-json\/wp\/v2\/tags?post=33506"}],"curies":[{"name":"wp","href":"https:\/\/api.w.org\/{rel}","templated":true}]}}