{"id":33504,"date":"2018-05-21T10:25:25","date_gmt":"2018-05-21T13:25:25","guid":{"rendered":"https:\/\/eldiariodesanpedro.com.ar\/sitio\/?p=33504"},"modified":"2018-05-21T10:25:25","modified_gmt":"2018-05-21T13:25:25","slug":"se-recupera-una-moto-robada-en-enero-pasado","status":"publish","type":"post","link":"https:\/\/eldiariodesanpedro.com.ar\/sitio\/se-recupera-una-moto-robada-en-enero-pasado\/","title":{"rendered":"Se recupera una moto robada en enero pasado"},"content":{"rendered":"<p><!-- VideographyWP Plugin Message: Automatic video embedding prevented by plugin options. --><br \/>\nEl pasado domingo por la noche en intersecci\u00f3n de calle Combate de Obligado y Bozzano se procedi\u00f3 a la identificaci\u00f3n por parte de oficiales de nuestra ciudad de un joven de 17 a\u00f1os quien circulaba en motocicleta Corven 110 cc, logr\u00e1ndose establecer que sobre esta pesa pedido de secuestro activo desde el d\u00eda 20 de enero del corriente a\u00f1o, bajo la caratula hurto, el joven fue trasladado a la seccional local donde momentos mas tarde fue entregado a sus progenitores, por su parte el rodado fue secuestrado.<\/p>\n","protected":false},"excerpt":{"rendered":"<p>El pasado domingo por la noche en intersecci\u00f3n de calle Combate de Obligado y Bozzano se procedi\u00f3 a la identificaci\u00f3n por parte de oficiales de nuestra ciudad de un joven de 17 a\u00f1os quien circulaba en motocicleta Corven 110 cc, logr\u00e1ndose establecer que sobre esta pesa pedido de secuestro activo desde el d\u00eda 20 de [&hellip;]<\/p>\n","protected":false},"author":4,"featured_media":11797,"comment_status":"open","ping_status":"closed","sticky":false,"template":"","format":"standard","meta":{"om_disable_all_campaigns":false,"_jetpack_memberships_contains_paid_content":false,"footnotes":""},"categories":[2,103],"tags":[],"class_list":["post-33504","post","type-post","status-publish","format-standard","has-post-thumbnail","hentry","category-locales","category-policiales-locales"],"aioseo_notices":[],"gutentor_comment":0,"jetpack_featured_media_url":"https:\/\/eldiariodesanpedro.com.ar\/sitio\/wp-content\/uploads\/2016\/12\/moto-secuestrada.jpg","jetpack_shortlink":"https:\/\/wp.me\/p6RhLt-8Io","jetpack_sharing_enabled":true,"_links":{"self":[{"href":"https:\/\/eldiariodesanpedro.com.ar\/sitio\/wp-json\/wp\/v2\/posts\/33504","targetHints":{"allow":["GET"]}}],"collection":[{"href":"https:\/\/eldiariodesanpedro.com.ar\/sitio\/wp-json\/wp\/v2\/posts"}],"about":[{"href":"https:\/\/eldiariodesanpedro.com.ar\/sitio\/wp-json\/wp\/v2\/types\/post"}],"author":[{"embeddable":true,"href":"https:\/\/eldiariodesanpedro.com.ar\/sitio\/wp-json\/wp\/v2\/users\/4"}],"replies":[{"embeddable":true,"href":"https:\/\/eldiariodesanpedro.com.ar\/sitio\/wp-json\/wp\/v2\/comments?post=33504"}],"version-history":[{"count":1,"href":"https:\/\/eldiariodesanpedro.com.ar\/sitio\/wp-json\/wp\/v2\/posts\/33504\/revisions"}],"predecessor-version":[{"id":33505,"href":"https:\/\/eldiariodesanpedro.com.ar\/sitio\/wp-json\/wp\/v2\/posts\/33504\/revisions\/33505"}],"wp:featuredmedia":[{"embeddable":true,"href":"https:\/\/eldiariodesanpedro.com.ar\/sitio\/wp-json\/wp\/v2\/media\/11797"}],"wp:attachment":[{"href":"https:\/\/eldiariodesanpedro.com.ar\/sitio\/wp-json\/wp\/v2\/media?parent=33504"}],"wp:term":[{"taxonomy":"category","embeddable":true,"href":"https:\/\/eldiariodesanpedro.com.ar\/sitio\/wp-json\/wp\/v2\/categories?post=33504"},{"taxonomy":"post_tag","embeddable":true,"href":"https:\/\/eldiariodesanpedro.com.ar\/sitio\/wp-json\/wp\/v2\/tags?post=33504"}],"curies":[{"name":"wp","href":"https:\/\/api.w.org\/{rel}","templated":true}]}}