{"id":33502,"date":"2018-05-21T10:17:15","date_gmt":"2018-05-21T13:17:15","guid":{"rendered":"https:\/\/eldiariodesanpedro.com.ar\/sitio\/?p=33502"},"modified":"2018-05-21T10:17:15","modified_gmt":"2018-05-21T13:17:15","slug":"roban-el-estereo-de-una-camioneta","status":"publish","type":"post","link":"https:\/\/eldiariodesanpedro.com.ar\/sitio\/roban-el-estereo-de-una-camioneta\/","title":{"rendered":"Roban el est\u00e9reo de una camioneta"},"content":{"rendered":"<p><!-- VideographyWP Plugin Message: Automatic video embedding prevented by plugin options. --><br \/>\nDelincuentes sustrajeron el est\u00e9reo de un autom\u00f3vil que se encontraba estacionado en la v\u00eda publica luego de forzar las puertas del mismo.<\/p>\n<p>Una mujer de 30 a\u00f1os denunci\u00f3 en comisar\u00eda que el domingo alrededor de las 06 hs de la ma\u00f1ana sale a buscar su camioneta Fiat Fiorino que se encontraba estacionado sobre calle G\u00fcemes entre Ituzaing\u00f3 y Miguel Porta.<\/p>\n<p>Al despertarse la propietaria se da cuenta que se encontraba con las tres puertas abiertas las que fueron forzadas por malvivientes que le sustrajeron de su interior  un stereo Sony, vestimenta y documentaci\u00f3n.<\/p>\n","protected":false},"excerpt":{"rendered":"<p>Delincuentes sustrajeron el est\u00e9reo de un autom\u00f3vil que se encontraba estacionado en la v\u00eda publica luego de forzar las puertas del mismo. Una mujer de 30 a\u00f1os denunci\u00f3 en comisar\u00eda que el domingo alrededor de las 06 hs de la ma\u00f1ana sale a buscar su camioneta Fiat Fiorino que se encontraba estacionado sobre calle G\u00fcemes [&hellip;]<\/p>\n","protected":false},"author":4,"featured_media":26677,"comment_status":"open","ping_status":"closed","sticky":false,"template":"","format":"standard","meta":{"om_disable_all_campaigns":false,"_jetpack_memberships_contains_paid_content":false,"footnotes":""},"categories":[2,103],"tags":[],"class_list":["post-33502","post","type-post","status-publish","format-standard","has-post-thumbnail","hentry","category-locales","category-policiales-locales"],"aioseo_notices":[],"gutentor_comment":0,"jetpack_featured_media_url":"https:\/\/eldiariodesanpedro.com.ar\/sitio\/wp-content\/uploads\/2017\/12\/patrullas-policia-noche.jpg","jetpack_shortlink":"https:\/\/wp.me\/p6RhLt-8Im","jetpack_sharing_enabled":true,"_links":{"self":[{"href":"https:\/\/eldiariodesanpedro.com.ar\/sitio\/wp-json\/wp\/v2\/posts\/33502","targetHints":{"allow":["GET"]}}],"collection":[{"href":"https:\/\/eldiariodesanpedro.com.ar\/sitio\/wp-json\/wp\/v2\/posts"}],"about":[{"href":"https:\/\/eldiariodesanpedro.com.ar\/sitio\/wp-json\/wp\/v2\/types\/post"}],"author":[{"embeddable":true,"href":"https:\/\/eldiariodesanpedro.com.ar\/sitio\/wp-json\/wp\/v2\/users\/4"}],"replies":[{"embeddable":true,"href":"https:\/\/eldiariodesanpedro.com.ar\/sitio\/wp-json\/wp\/v2\/comments?post=33502"}],"version-history":[{"count":1,"href":"https:\/\/eldiariodesanpedro.com.ar\/sitio\/wp-json\/wp\/v2\/posts\/33502\/revisions"}],"predecessor-version":[{"id":33503,"href":"https:\/\/eldiariodesanpedro.com.ar\/sitio\/wp-json\/wp\/v2\/posts\/33502\/revisions\/33503"}],"wp:featuredmedia":[{"embeddable":true,"href":"https:\/\/eldiariodesanpedro.com.ar\/sitio\/wp-json\/wp\/v2\/media\/26677"}],"wp:attachment":[{"href":"https:\/\/eldiariodesanpedro.com.ar\/sitio\/wp-json\/wp\/v2\/media?parent=33502"}],"wp:term":[{"taxonomy":"category","embeddable":true,"href":"https:\/\/eldiariodesanpedro.com.ar\/sitio\/wp-json\/wp\/v2\/categories?post=33502"},{"taxonomy":"post_tag","embeddable":true,"href":"https:\/\/eldiariodesanpedro.com.ar\/sitio\/wp-json\/wp\/v2\/tags?post=33502"}],"curies":[{"name":"wp","href":"https:\/\/api.w.org\/{rel}","templated":true}]}}