{"id":33500,"date":"2018-05-21T10:09:21","date_gmt":"2018-05-21T13:09:21","guid":{"rendered":"https:\/\/eldiariodesanpedro.com.ar\/sitio\/?p=33500"},"modified":"2018-05-21T10:09:21","modified_gmt":"2018-05-21T13:09:21","slug":"se-resistio-al-secuestro-de-su-moto-y-fue-aprehendido","status":"publish","type":"post","link":"https:\/\/eldiariodesanpedro.com.ar\/sitio\/se-resistio-al-secuestro-de-su-moto-y-fue-aprehendido\/","title":{"rendered":"Se resisti\u00f3 al secuestro de su moto y fue aprehendido"},"content":{"rendered":"<p><!-- VideographyWP Plugin Message: Automatic video embedding prevented by plugin options. --><br \/>\nEn la tarde del domingo la polic\u00eda de nuestra ciudad realizo un operativo de intersecci\u00f3n vehicular en conjunto con inspecci\u00f3n municipal en la intersecci\u00f3n de las calles 25 de Mayo y G\u00fcemes donde un joven de 18 a\u00f1os fue aprehendido por personal policial al resistirse al secuestro de su moto.<\/p>\n<p>El hecho ocurri\u00f3 cuando personal de inspecci\u00f3n detiene al joven que circulaba en su motocicleta y al identificarlo se dan cuenta que el rodado no tenia la documentaci\u00f3n correspondiente  procediendo al secuestro del mismo. <\/p>\n<p>El joven se resisti\u00f3 agrediendo a los inspectores que se encontraban en el lugar  hasta que llega personal de la polic\u00eda, es aprehendido y trasladado a la dependencia policial.<\/p>\n","protected":false},"excerpt":{"rendered":"<p>En la tarde del domingo la polic\u00eda de nuestra ciudad realizo un operativo de intersecci\u00f3n vehicular en conjunto con inspecci\u00f3n municipal en la intersecci\u00f3n de las calles 25 de Mayo y G\u00fcemes donde un joven de 18 a\u00f1os fue aprehendido por personal policial al resistirse al secuestro de su moto. El hecho ocurri\u00f3 cuando personal [&hellip;]<\/p>\n","protected":false},"author":4,"featured_media":12840,"comment_status":"open","ping_status":"closed","sticky":false,"template":"","format":"standard","meta":{"om_disable_all_campaigns":false,"_jetpack_memberships_contains_paid_content":false,"footnotes":""},"categories":[2,103],"tags":[],"class_list":["post-33500","post","type-post","status-publish","format-standard","has-post-thumbnail","hentry","category-locales","category-policiales-locales"],"aioseo_notices":[],"gutentor_comment":0,"jetpack_featured_media_url":"https:\/\/eldiariodesanpedro.com.ar\/sitio\/wp-content\/uploads\/2017\/01\/movil-inspeccion-municipalidad-san-pedro.jpg","jetpack_shortlink":"https:\/\/wp.me\/p6RhLt-8Ik","jetpack_sharing_enabled":true,"_links":{"self":[{"href":"https:\/\/eldiariodesanpedro.com.ar\/sitio\/wp-json\/wp\/v2\/posts\/33500","targetHints":{"allow":["GET"]}}],"collection":[{"href":"https:\/\/eldiariodesanpedro.com.ar\/sitio\/wp-json\/wp\/v2\/posts"}],"about":[{"href":"https:\/\/eldiariodesanpedro.com.ar\/sitio\/wp-json\/wp\/v2\/types\/post"}],"author":[{"embeddable":true,"href":"https:\/\/eldiariodesanpedro.com.ar\/sitio\/wp-json\/wp\/v2\/users\/4"}],"replies":[{"embeddable":true,"href":"https:\/\/eldiariodesanpedro.com.ar\/sitio\/wp-json\/wp\/v2\/comments?post=33500"}],"version-history":[{"count":1,"href":"https:\/\/eldiariodesanpedro.com.ar\/sitio\/wp-json\/wp\/v2\/posts\/33500\/revisions"}],"predecessor-version":[{"id":33501,"href":"https:\/\/eldiariodesanpedro.com.ar\/sitio\/wp-json\/wp\/v2\/posts\/33500\/revisions\/33501"}],"wp:featuredmedia":[{"embeddable":true,"href":"https:\/\/eldiariodesanpedro.com.ar\/sitio\/wp-json\/wp\/v2\/media\/12840"}],"wp:attachment":[{"href":"https:\/\/eldiariodesanpedro.com.ar\/sitio\/wp-json\/wp\/v2\/media?parent=33500"}],"wp:term":[{"taxonomy":"category","embeddable":true,"href":"https:\/\/eldiariodesanpedro.com.ar\/sitio\/wp-json\/wp\/v2\/categories?post=33500"},{"taxonomy":"post_tag","embeddable":true,"href":"https:\/\/eldiariodesanpedro.com.ar\/sitio\/wp-json\/wp\/v2\/tags?post=33500"}],"curies":[{"name":"wp","href":"https:\/\/api.w.org\/{rel}","templated":true}]}}