{"id":33497,"date":"2018-05-20T21:31:50","date_gmt":"2018-05-21T00:31:50","guid":{"rendered":"https:\/\/eldiariodesanpedro.com.ar\/sitio\/?p=33497"},"modified":"2018-05-20T21:31:50","modified_gmt":"2018-05-21T00:31:50","slug":"dos-personas-aprehendidas-por-robar-en-una-tienda-de-ropa","status":"publish","type":"post","link":"https:\/\/eldiariodesanpedro.com.ar\/sitio\/dos-personas-aprehendidas-por-robar-en-una-tienda-de-ropa\/","title":{"rendered":"Dos personas aprehendidas por robar en una tienda de ropa"},"content":{"rendered":"<p><!-- VideographyWP Plugin Message: Automatic video embedding prevented by plugin options. --><br \/>\nEn horas de la madrugada de este domingo, personal policial se present\u00f3 en Lucio Mansilla al 400 y aprehendi\u00f3 a dos j\u00f3venes de 18 a\u00f1os, los cuales previo violentar la vidriera de un local comercial tipo tienda, sustrajeron prendas de su interior.<br \/>\n  Adem\u00e1s, lograron el secuestro de la totalidad de las prendas sustra\u00eddas.<br \/>\n  Ambos delincuentes quedaron alojados a disposici\u00f3n de la UFI N\u00ba 5.<\/p>\n","protected":false},"excerpt":{"rendered":"<p>En horas de la madrugada de este domingo, personal policial se present\u00f3 en Lucio Mansilla al 400 y aprehendi\u00f3 a dos j\u00f3venes de 18 a\u00f1os, los cuales previo violentar la vidriera de un local comercial tipo tienda, sustrajeron prendas de su interior. Adem\u00e1s, lograron el secuestro de la totalidad de las prendas sustra\u00eddas. Ambos delincuentes [&hellip;]<\/p>\n","protected":false},"author":4,"featured_media":26352,"comment_status":"open","ping_status":"closed","sticky":false,"template":"","format":"standard","meta":{"om_disable_all_campaigns":false,"_jetpack_memberships_contains_paid_content":false,"footnotes":""},"categories":[2,103],"tags":[],"class_list":["post-33497","post","type-post","status-publish","format-standard","has-post-thumbnail","hentry","category-locales","category-policiales-locales"],"aioseo_notices":[],"gutentor_comment":0,"jetpack_featured_media_url":"https:\/\/eldiariodesanpedro.com.ar\/sitio\/wp-content\/uploads\/2017\/11\/detenidosjpg.jpg","jetpack_shortlink":"https:\/\/wp.me\/p6RhLt-8Ih","jetpack_sharing_enabled":true,"_links":{"self":[{"href":"https:\/\/eldiariodesanpedro.com.ar\/sitio\/wp-json\/wp\/v2\/posts\/33497","targetHints":{"allow":["GET"]}}],"collection":[{"href":"https:\/\/eldiariodesanpedro.com.ar\/sitio\/wp-json\/wp\/v2\/posts"}],"about":[{"href":"https:\/\/eldiariodesanpedro.com.ar\/sitio\/wp-json\/wp\/v2\/types\/post"}],"author":[{"embeddable":true,"href":"https:\/\/eldiariodesanpedro.com.ar\/sitio\/wp-json\/wp\/v2\/users\/4"}],"replies":[{"embeddable":true,"href":"https:\/\/eldiariodesanpedro.com.ar\/sitio\/wp-json\/wp\/v2\/comments?post=33497"}],"version-history":[{"count":1,"href":"https:\/\/eldiariodesanpedro.com.ar\/sitio\/wp-json\/wp\/v2\/posts\/33497\/revisions"}],"predecessor-version":[{"id":33498,"href":"https:\/\/eldiariodesanpedro.com.ar\/sitio\/wp-json\/wp\/v2\/posts\/33497\/revisions\/33498"}],"wp:featuredmedia":[{"embeddable":true,"href":"https:\/\/eldiariodesanpedro.com.ar\/sitio\/wp-json\/wp\/v2\/media\/26352"}],"wp:attachment":[{"href":"https:\/\/eldiariodesanpedro.com.ar\/sitio\/wp-json\/wp\/v2\/media?parent=33497"}],"wp:term":[{"taxonomy":"category","embeddable":true,"href":"https:\/\/eldiariodesanpedro.com.ar\/sitio\/wp-json\/wp\/v2\/categories?post=33497"},{"taxonomy":"post_tag","embeddable":true,"href":"https:\/\/eldiariodesanpedro.com.ar\/sitio\/wp-json\/wp\/v2\/tags?post=33497"}],"curies":[{"name":"wp","href":"https:\/\/api.w.org\/{rel}","templated":true}]}}