{"id":33493,"date":"2018-05-20T21:32:50","date_gmt":"2018-05-21T00:32:50","guid":{"rendered":"https:\/\/eldiariodesanpedro.com.ar\/sitio\/?p=33493"},"modified":"2018-05-20T21:32:50","modified_gmt":"2018-05-21T00:32:50","slug":"el-chofer-de-la-ambulancia-amenazado-cuando-fue-a-socorrer-a-una-persona","status":"publish","type":"post","link":"https:\/\/eldiariodesanpedro.com.ar\/sitio\/el-chofer-de-la-ambulancia-amenazado-cuando-fue-a-socorrer-a-una-persona\/","title":{"rendered":"El chofer de la ambulancia amenazado cuando fue a socorrer a una persona"},"content":{"rendered":"<p><!-- VideographyWP Plugin Message: Automatic video embedding prevented by plugin options. --><br \/>\n  El hecho ocurri\u00f3 alrededor de las 19 hs de este s\u00e1bado en la intersecci\u00f3n de calles Facundo Quiroga y Las Provincias, cuando el ambulanciero descendi\u00f3 del veh\u00edculo. <\/p>\n<p>  En ese lugar, un hombre ajeno al accidente se acerc\u00f3 y exhibi\u00e9ndole un rev\u00f3lver calibre 38 largo, lo amenaz\u00f3 de muerte y se retir\u00f3 del lugar. <\/p>\n<p>  Gracias al aporte de testigos que se encontraban en el lugar, se pudo identificar a esta persona quien tendr\u00eda frondosos antecedentes policiales. <\/p>\n","protected":false},"excerpt":{"rendered":"<p>El hecho ocurri\u00f3 alrededor de las 19 hs de este s\u00e1bado en la intersecci\u00f3n de calles Facundo Quiroga y Las Provincias, cuando el ambulanciero descendi\u00f3 del veh\u00edculo. En ese lugar, un hombre ajeno al accidente se acerc\u00f3 y exhibi\u00e9ndole un rev\u00f3lver calibre 38 largo, lo amenaz\u00f3 de muerte y se retir\u00f3 del lugar. Gracias al [&hellip;]<\/p>\n","protected":false},"author":4,"featured_media":5381,"comment_status":"open","ping_status":"closed","sticky":false,"template":"","format":"standard","meta":{"om_disable_all_campaigns":false,"_jetpack_memberships_contains_paid_content":false,"footnotes":""},"categories":[2,103],"tags":[],"class_list":["post-33493","post","type-post","status-publish","format-standard","has-post-thumbnail","hentry","category-locales","category-policiales-locales"],"aioseo_notices":[],"gutentor_comment":0,"jetpack_featured_media_url":"https:\/\/eldiariodesanpedro.com.ar\/sitio\/wp-content\/uploads\/2016\/06\/ambulancia_san_pedro.jpg","jetpack_shortlink":"https:\/\/wp.me\/p6RhLt-8Id","jetpack_sharing_enabled":true,"_links":{"self":[{"href":"https:\/\/eldiariodesanpedro.com.ar\/sitio\/wp-json\/wp\/v2\/posts\/33493","targetHints":{"allow":["GET"]}}],"collection":[{"href":"https:\/\/eldiariodesanpedro.com.ar\/sitio\/wp-json\/wp\/v2\/posts"}],"about":[{"href":"https:\/\/eldiariodesanpedro.com.ar\/sitio\/wp-json\/wp\/v2\/types\/post"}],"author":[{"embeddable":true,"href":"https:\/\/eldiariodesanpedro.com.ar\/sitio\/wp-json\/wp\/v2\/users\/4"}],"replies":[{"embeddable":true,"href":"https:\/\/eldiariodesanpedro.com.ar\/sitio\/wp-json\/wp\/v2\/comments?post=33493"}],"version-history":[{"count":1,"href":"https:\/\/eldiariodesanpedro.com.ar\/sitio\/wp-json\/wp\/v2\/posts\/33493\/revisions"}],"predecessor-version":[{"id":33499,"href":"https:\/\/eldiariodesanpedro.com.ar\/sitio\/wp-json\/wp\/v2\/posts\/33493\/revisions\/33499"}],"wp:featuredmedia":[{"embeddable":true,"href":"https:\/\/eldiariodesanpedro.com.ar\/sitio\/wp-json\/wp\/v2\/media\/5381"}],"wp:attachment":[{"href":"https:\/\/eldiariodesanpedro.com.ar\/sitio\/wp-json\/wp\/v2\/media?parent=33493"}],"wp:term":[{"taxonomy":"category","embeddable":true,"href":"https:\/\/eldiariodesanpedro.com.ar\/sitio\/wp-json\/wp\/v2\/categories?post=33493"},{"taxonomy":"post_tag","embeddable":true,"href":"https:\/\/eldiariodesanpedro.com.ar\/sitio\/wp-json\/wp\/v2\/tags?post=33493"}],"curies":[{"name":"wp","href":"https:\/\/api.w.org\/{rel}","templated":true}]}}