{"id":33490,"date":"2018-05-20T21:26:13","date_gmt":"2018-05-21T00:26:13","guid":{"rendered":"https:\/\/eldiariodesanpedro.com.ar\/sitio\/?p=33490"},"modified":"2018-05-20T21:26:13","modified_gmt":"2018-05-21T00:26:13","slug":"un-enfrentamiento-entre-dos-alumnas-de-la-escuela","status":"publish","type":"post","link":"https:\/\/eldiariodesanpedro.com.ar\/sitio\/un-enfrentamiento-entre-dos-alumnas-de-la-escuela\/","title":{"rendered":"Un enfrentamiento entre dos alumnas de la Escuela"},"content":{"rendered":"<p><!-- VideographyWP Plugin Message: Automatic video embedding prevented by plugin options. --><br \/>\nEl pasado viernes en horas del mediod\u00eda, se produjo un enfrentamiento entre alumnas de la Escuela 10 y una madre. <\/p>\n<p>  La madre de una joven de 13 a\u00f1os acompa\u00f1\u00f3 a su hija a la escuela, all\u00ed fue interceptada por otra joven de 17 a\u00f1os que posee problemas con su hija mayor y, la golpe\u00f3 en la cara y le propin\u00f3 un puntapi\u00e9 en la zona del abdomen a su hija. Adem\u00e1s, las amenaz\u00f3 con una tijera.<\/p>\n<p>  Una maestra de la instituci\u00f3n debi\u00f3 separarlas. <\/p>\n","protected":false},"excerpt":{"rendered":"<p>El pasado viernes en horas del mediod\u00eda, se produjo un enfrentamiento entre alumnas de la Escuela 10 y una madre. La madre de una joven de 13 a\u00f1os acompa\u00f1\u00f3 a su hija a la escuela, all\u00ed fue interceptada por otra joven de 17 a\u00f1os que posee problemas con su hija mayor y, la golpe\u00f3 en [&hellip;]<\/p>\n","protected":false},"author":4,"featured_media":0,"comment_status":"open","ping_status":"closed","sticky":false,"template":"","format":"standard","meta":{"om_disable_all_campaigns":false,"_jetpack_memberships_contains_paid_content":false,"footnotes":""},"categories":[2,103],"tags":[],"class_list":["post-33490","post","type-post","status-publish","format-standard","hentry","category-locales","category-policiales-locales"],"aioseo_notices":[],"gutentor_comment":0,"jetpack_featured_media_url":"","jetpack_shortlink":"https:\/\/wp.me\/p6RhLt-8Ia","jetpack_sharing_enabled":true,"_links":{"self":[{"href":"https:\/\/eldiariodesanpedro.com.ar\/sitio\/wp-json\/wp\/v2\/posts\/33490","targetHints":{"allow":["GET"]}}],"collection":[{"href":"https:\/\/eldiariodesanpedro.com.ar\/sitio\/wp-json\/wp\/v2\/posts"}],"about":[{"href":"https:\/\/eldiariodesanpedro.com.ar\/sitio\/wp-json\/wp\/v2\/types\/post"}],"author":[{"embeddable":true,"href":"https:\/\/eldiariodesanpedro.com.ar\/sitio\/wp-json\/wp\/v2\/users\/4"}],"replies":[{"embeddable":true,"href":"https:\/\/eldiariodesanpedro.com.ar\/sitio\/wp-json\/wp\/v2\/comments?post=33490"}],"version-history":[{"count":1,"href":"https:\/\/eldiariodesanpedro.com.ar\/sitio\/wp-json\/wp\/v2\/posts\/33490\/revisions"}],"predecessor-version":[{"id":33494,"href":"https:\/\/eldiariodesanpedro.com.ar\/sitio\/wp-json\/wp\/v2\/posts\/33490\/revisions\/33494"}],"wp:attachment":[{"href":"https:\/\/eldiariodesanpedro.com.ar\/sitio\/wp-json\/wp\/v2\/media?parent=33490"}],"wp:term":[{"taxonomy":"category","embeddable":true,"href":"https:\/\/eldiariodesanpedro.com.ar\/sitio\/wp-json\/wp\/v2\/categories?post=33490"},{"taxonomy":"post_tag","embeddable":true,"href":"https:\/\/eldiariodesanpedro.com.ar\/sitio\/wp-json\/wp\/v2\/tags?post=33490"}],"curies":[{"name":"wp","href":"https:\/\/api.w.org\/{rel}","templated":true}]}}