{"id":33489,"date":"2018-05-20T21:24:21","date_gmt":"2018-05-21T00:24:21","guid":{"rendered":"https:\/\/eldiariodesanpedro.com.ar\/sitio\/?p=33489"},"modified":"2018-05-20T21:24:21","modified_gmt":"2018-05-21T00:24:21","slug":"dos-aprehendidos-por-resistencia-a-la-autoridad-2","status":"publish","type":"post","link":"https:\/\/eldiariodesanpedro.com.ar\/sitio\/dos-aprehendidos-por-resistencia-a-la-autoridad-2\/","title":{"rendered":"Dos aprehendidos por resistencia a la autoridad"},"content":{"rendered":"<p><!-- VideographyWP Plugin Message: Automatic video embedding prevented by plugin options. --><br \/>\nEn horas de la madrugada en calle Saavedra al 1000, personal policial que realizaba recorridas observ\u00f3 que un hombre con frondosos antecedentes se encontraba parado frente a una vivienda y, al cercarse lo efectivos, \u00e9ste comienza a correr, logrando interceptarlo a las dos cuadras del lugar. Al ser interceptado arremeti\u00f3 f\u00edsicamente contra el personal policial, pero lograron reducirlo y trasladarlo a la dependencia, donde se instruyeron las actuaciones por resistencia a la autoridad. <\/p>\n<p>  Tambi\u00e9n en la madrugada de este domingo, en calle G\u00fcemes y 25 de Mayo cuando se desarrollaba un operativo de tr\u00e1nsito entre Polic\u00eda y personal de inspecci\u00f3n, se intercept\u00f3 un autom\u00f3vil para control. En dicho momento, el acompa\u00f1ante, un joven de 18 a\u00f1os, descendi\u00f3 agredi\u00f3 f\u00edsicamente a un inspector de tr\u00e1nsito, por lo cual fue reducido y trasladado a la dependencia. <\/p>\n","protected":false},"excerpt":{"rendered":"<p>En horas de la madrugada en calle Saavedra al 1000, personal policial que realizaba recorridas observ\u00f3 que un hombre con frondosos antecedentes se encontraba parado frente a una vivienda y, al cercarse lo efectivos, \u00e9ste comienza a correr, logrando interceptarlo a las dos cuadras del lugar. Al ser interceptado arremeti\u00f3 f\u00edsicamente contra el personal policial, [&hellip;]<\/p>\n","protected":false},"author":4,"featured_media":2518,"comment_status":"open","ping_status":"closed","sticky":false,"template":"","format":"standard","meta":{"om_disable_all_campaigns":false,"_jetpack_memberships_contains_paid_content":false,"footnotes":""},"categories":[2,103],"tags":[],"class_list":["post-33489","post","type-post","status-publish","format-standard","has-post-thumbnail","hentry","category-locales","category-policiales-locales"],"aioseo_notices":[],"gutentor_comment":0,"jetpack_featured_media_url":"https:\/\/eldiariodesanpedro.com.ar\/sitio\/wp-content\/uploads\/2016\/03\/detenidos.jpg","jetpack_shortlink":"https:\/\/wp.me\/p6RhLt-8I9","jetpack_sharing_enabled":true,"_links":{"self":[{"href":"https:\/\/eldiariodesanpedro.com.ar\/sitio\/wp-json\/wp\/v2\/posts\/33489","targetHints":{"allow":["GET"]}}],"collection":[{"href":"https:\/\/eldiariodesanpedro.com.ar\/sitio\/wp-json\/wp\/v2\/posts"}],"about":[{"href":"https:\/\/eldiariodesanpedro.com.ar\/sitio\/wp-json\/wp\/v2\/types\/post"}],"author":[{"embeddable":true,"href":"https:\/\/eldiariodesanpedro.com.ar\/sitio\/wp-json\/wp\/v2\/users\/4"}],"replies":[{"embeddable":true,"href":"https:\/\/eldiariodesanpedro.com.ar\/sitio\/wp-json\/wp\/v2\/comments?post=33489"}],"version-history":[{"count":1,"href":"https:\/\/eldiariodesanpedro.com.ar\/sitio\/wp-json\/wp\/v2\/posts\/33489\/revisions"}],"predecessor-version":[{"id":33492,"href":"https:\/\/eldiariodesanpedro.com.ar\/sitio\/wp-json\/wp\/v2\/posts\/33489\/revisions\/33492"}],"wp:featuredmedia":[{"embeddable":true,"href":"https:\/\/eldiariodesanpedro.com.ar\/sitio\/wp-json\/wp\/v2\/media\/2518"}],"wp:attachment":[{"href":"https:\/\/eldiariodesanpedro.com.ar\/sitio\/wp-json\/wp\/v2\/media?parent=33489"}],"wp:term":[{"taxonomy":"category","embeddable":true,"href":"https:\/\/eldiariodesanpedro.com.ar\/sitio\/wp-json\/wp\/v2\/categories?post=33489"},{"taxonomy":"post_tag","embeddable":true,"href":"https:\/\/eldiariodesanpedro.com.ar\/sitio\/wp-json\/wp\/v2\/tags?post=33489"}],"curies":[{"name":"wp","href":"https:\/\/api.w.org\/{rel}","templated":true}]}}