{"id":33487,"date":"2018-05-20T21:23:55","date_gmt":"2018-05-21T00:23:55","guid":{"rendered":"https:\/\/eldiariodesanpedro.com.ar\/sitio\/?p=33487"},"modified":"2026-01-24T00:13:34","modified_gmt":"2026-01-24T03:13:34","slug":"un-campeon-en-san-pedro-federico-grabich-estuvo-en-el-nautico","status":"publish","type":"post","link":"https:\/\/eldiariodesanpedro.com.ar\/sitio\/un-campeon-en-san-pedro-federico-grabich-estuvo-en-el-nautico\/","title":{"rendered":"UN CAMPE\u00d3N EN SAN PEDRO: Federico Grabich estuvo en el N\u00e1utico"},"content":{"rendered":"<p><!-- VideographyWP Plugin Message: Automatic video embedding prevented by plugin options. --><br \/>\nCon una conferencia de prensa, el nadador Federico Grabich inicio su estad\u00eda en el club N\u00e1utico San Pedro en la noche del viernes, para luego tener una reuni\u00f3n con el Departamento de Evaluaci\u00f3n Deportiva del CNSP antes de su Cl\u00ednica en la pileta del Club.   Luego fue el momento esperado por los deportistas,  con los chicos y grandes de Nataci\u00f3n del Club contando como empezar a cumplir su sue\u00f1o fue cuesti\u00f3n de esfuerzo y perseverancia.<\/p>\n<p>  Hay que destacar que logr\u00f3 una medalla de oro en 100 metros libre con un r\u00e9cord argentino de 48.11 segundos, una de plata en 200 libres en los Panamericanos de Toronto e hizo historia con su bronce en el Mundial de Kaz\u00e1n.<\/p>\n","protected":false},"excerpt":{"rendered":"<p>Con una conferencia de prensa, el nadador Federico Grabich inicio su estad\u00eda en el club N\u00e1utico San Pedro en la noche del viernes, para luego tener una reuni\u00f3n con el Departamento de Evaluaci\u00f3n Deportiva del CNSP antes de su Cl\u00ednica en la pileta del Club. Luego fue el momento esperado por los deportistas, con los [&hellip;]<\/p>\n","protected":false},"author":4,"featured_media":33488,"comment_status":"open","ping_status":"closed","sticky":false,"template":"","format":"standard","meta":{"om_disable_all_campaigns":false,"_jetpack_memberships_contains_paid_content":false,"footnotes":""},"categories":[5],"tags":[],"class_list":["post-33487","post","type-post","status-publish","format-standard","has-post-thumbnail","hentry","category-deportes"],"aioseo_notices":[],"gutentor_comment":0,"jetpack_featured_media_url":"https:\/\/eldiariodesanpedro.com.ar\/sitio\/wp-content\/uploads\/2018\/05\/Grabich-en-conferencia-de-prensa.jpg","jetpack_shortlink":"https:\/\/wp.me\/p6RhLt-8I7","jetpack_sharing_enabled":true,"_links":{"self":[{"href":"https:\/\/eldiariodesanpedro.com.ar\/sitio\/wp-json\/wp\/v2\/posts\/33487","targetHints":{"allow":["GET"]}}],"collection":[{"href":"https:\/\/eldiariodesanpedro.com.ar\/sitio\/wp-json\/wp\/v2\/posts"}],"about":[{"href":"https:\/\/eldiariodesanpedro.com.ar\/sitio\/wp-json\/wp\/v2\/types\/post"}],"author":[{"embeddable":true,"href":"https:\/\/eldiariodesanpedro.com.ar\/sitio\/wp-json\/wp\/v2\/users\/4"}],"replies":[{"embeddable":true,"href":"https:\/\/eldiariodesanpedro.com.ar\/sitio\/wp-json\/wp\/v2\/comments?post=33487"}],"version-history":[{"count":1,"href":"https:\/\/eldiariodesanpedro.com.ar\/sitio\/wp-json\/wp\/v2\/posts\/33487\/revisions"}],"predecessor-version":[{"id":33491,"href":"https:\/\/eldiariodesanpedro.com.ar\/sitio\/wp-json\/wp\/v2\/posts\/33487\/revisions\/33491"}],"wp:featuredmedia":[{"embeddable":true,"href":"https:\/\/eldiariodesanpedro.com.ar\/sitio\/wp-json\/wp\/v2\/media\/33488"}],"wp:attachment":[{"href":"https:\/\/eldiariodesanpedro.com.ar\/sitio\/wp-json\/wp\/v2\/media?parent=33487"}],"wp:term":[{"taxonomy":"category","embeddable":true,"href":"https:\/\/eldiariodesanpedro.com.ar\/sitio\/wp-json\/wp\/v2\/categories?post=33487"},{"taxonomy":"post_tag","embeddable":true,"href":"https:\/\/eldiariodesanpedro.com.ar\/sitio\/wp-json\/wp\/v2\/tags?post=33487"}],"curies":[{"name":"wp","href":"https:\/\/api.w.org\/{rel}","templated":true}]}}