{"id":33480,"date":"2018-05-20T21:14:03","date_gmt":"2018-05-21T00:14:03","guid":{"rendered":"https:\/\/eldiariodesanpedro.com.ar\/sitio\/?p=33480"},"modified":"2026-01-24T00:13:34","modified_gmt":"2026-01-24T03:13:34","slug":"futbol-nacional-tomas-oneto-se-consagro-campeon-con-la-reserva-de-talleres-de-cordoba-2","status":"publish","type":"post","link":"https:\/\/eldiariodesanpedro.com.ar\/sitio\/futbol-nacional-tomas-oneto-se-consagro-campeon-con-la-reserva-de-talleres-de-cordoba-2\/","title":{"rendered":"F\u00daTBOL NACIONAL: Tom\u00e1s Oneto se consagr\u00f3 campe\u00f3n con la reserva de Talleres de C\u00f3rdoba"},"content":{"rendered":"<p><!-- VideographyWP Plugin Message: Automatic video embedding prevented by plugin options. --><br \/>\n  Talleres se consagr\u00f3 este jueves bicampe\u00f3n del torneo de Reserva de AFA. Uni\u00f3n de Santa Fe necesitaba una victoria ante River para forzar un desempate ante la \u00abT\u00bb pero finalmente cay\u00f3 por 2 a 1. De esta manera el albiazul se coron\u00f3 con 52 puntos en 27 fechas.<\/p>\n<p>El elenco de C\u00f3rdoba ya se hab\u00eda consagrado en el certamen anterior con la presencia destacada del sampedrino Oneto. El a\u00f1o pasado Talleres hab\u00eda dado la vuelta ol\u00edmpica por primera vez en esta categor\u00eda cuando al equipo lo conduc\u00eda Lucas Bovaglio. La \u00abT\u00bb gan\u00f3 15 juegos, empat\u00f3 siete y perdi\u00f3 cinco.<\/p>\n","protected":false},"excerpt":{"rendered":"<p>Talleres se consagr\u00f3 este jueves bicampe\u00f3n del torneo de Reserva de AFA. Uni\u00f3n de Santa Fe necesitaba una victoria ante River para forzar un desempate ante la \u00abT\u00bb pero finalmente cay\u00f3 por 2 a 1. De esta manera el albiazul se coron\u00f3 con 52 puntos en 27 fechas. El elenco de C\u00f3rdoba ya se hab\u00eda [&hellip;]<\/p>\n","protected":false},"author":4,"featured_media":20147,"comment_status":"open","ping_status":"closed","sticky":false,"template":"","format":"standard","meta":{"om_disable_all_campaigns":false,"_jetpack_memberships_contains_paid_content":false,"footnotes":""},"categories":[5],"tags":[],"class_list":["post-33480","post","type-post","status-publish","format-standard","has-post-thumbnail","hentry","category-deportes"],"aioseo_notices":[],"gutentor_comment":0,"jetpack_featured_media_url":"https:\/\/eldiariodesanpedro.com.ar\/sitio\/wp-content\/uploads\/2017\/06\/futbol-gol.jpg","jetpack_shortlink":"https:\/\/wp.me\/p6RhLt-8I0","jetpack_sharing_enabled":true,"_links":{"self":[{"href":"https:\/\/eldiariodesanpedro.com.ar\/sitio\/wp-json\/wp\/v2\/posts\/33480","targetHints":{"allow":["GET"]}}],"collection":[{"href":"https:\/\/eldiariodesanpedro.com.ar\/sitio\/wp-json\/wp\/v2\/posts"}],"about":[{"href":"https:\/\/eldiariodesanpedro.com.ar\/sitio\/wp-json\/wp\/v2\/types\/post"}],"author":[{"embeddable":true,"href":"https:\/\/eldiariodesanpedro.com.ar\/sitio\/wp-json\/wp\/v2\/users\/4"}],"replies":[{"embeddable":true,"href":"https:\/\/eldiariodesanpedro.com.ar\/sitio\/wp-json\/wp\/v2\/comments?post=33480"}],"version-history":[{"count":2,"href":"https:\/\/eldiariodesanpedro.com.ar\/sitio\/wp-json\/wp\/v2\/posts\/33480\/revisions"}],"predecessor-version":[{"id":33486,"href":"https:\/\/eldiariodesanpedro.com.ar\/sitio\/wp-json\/wp\/v2\/posts\/33480\/revisions\/33486"}],"wp:featuredmedia":[{"embeddable":true,"href":"https:\/\/eldiariodesanpedro.com.ar\/sitio\/wp-json\/wp\/v2\/media\/20147"}],"wp:attachment":[{"href":"https:\/\/eldiariodesanpedro.com.ar\/sitio\/wp-json\/wp\/v2\/media?parent=33480"}],"wp:term":[{"taxonomy":"category","embeddable":true,"href":"https:\/\/eldiariodesanpedro.com.ar\/sitio\/wp-json\/wp\/v2\/categories?post=33480"},{"taxonomy":"post_tag","embeddable":true,"href":"https:\/\/eldiariodesanpedro.com.ar\/sitio\/wp-json\/wp\/v2\/tags?post=33480"}],"curies":[{"name":"wp","href":"https:\/\/api.w.org\/{rel}","templated":true}]}}