{"id":33475,"date":"2018-05-20T20:47:45","date_gmt":"2018-05-20T23:47:45","guid":{"rendered":"https:\/\/eldiariodesanpedro.com.ar\/sitio\/?p=33475"},"modified":"2018-05-20T20:47:45","modified_gmt":"2018-05-20T23:47:45","slug":"zarate-balearon-la-afip-de-zarate","status":"publish","type":"post","link":"https:\/\/eldiariodesanpedro.com.ar\/sitio\/zarate-balearon-la-afip-de-zarate\/","title":{"rendered":"Z\u00c1RATE:  Balearon la AFIP de Z\u00e1rate"},"content":{"rendered":"<p><!-- VideographyWP Plugin Message: Automatic video embedding prevented by plugin options. --><br \/>\n  En la calle Roca 360 se encuentra Polic\u00eda Federal y Polic\u00eda Cient\u00edfica analizando los impactos en el frente de la Administraci\u00f3n Federal de Ingresos P\u00fablicos.<br \/>\n  Aproximadamente son 25 los balazos contados en la fachada de la entidad. Se cree que fueron disparados a la madrugada, y cuando hoy a la ma\u00f1ana los empleados entraron a trabajar, se percataron del incidente.<br \/>\n  Los vecinos no escucharon nada, y la Polic\u00eda habla de \u201cajuste de cuentas\u201d hacia alguna persona en particular, no espec\u00edficamente hacia la AFIP.<\/p>\n<p>Fuente: Z\u00e1rate Alerta<\/p>\n","protected":false},"excerpt":{"rendered":"<p>En la calle Roca 360 se encuentra Polic\u00eda Federal y Polic\u00eda Cient\u00edfica analizando los impactos en el frente de la Administraci\u00f3n Federal de Ingresos P\u00fablicos. Aproximadamente son 25 los balazos contados en la fachada de la entidad. Se cree que fueron disparados a la madrugada, y cuando hoy a la ma\u00f1ana los empleados entraron a [&hellip;]<\/p>\n","protected":false},"author":4,"featured_media":33476,"comment_status":"open","ping_status":"closed","sticky":false,"template":"","format":"standard","meta":{"om_disable_all_campaigns":false,"_jetpack_memberships_contains_paid_content":false,"footnotes":""},"categories":[621],"tags":[],"class_list":["post-33475","post","type-post","status-publish","format-standard","has-post-thumbnail","hentry","category-regionales"],"aioseo_notices":[],"gutentor_comment":0,"jetpack_featured_media_url":"https:\/\/eldiariodesanpedro.com.ar\/sitio\/wp-content\/uploads\/2018\/05\/PAGINA-7-3.jpg","jetpack_shortlink":"https:\/\/wp.me\/p6RhLt-8HV","jetpack_sharing_enabled":true,"_links":{"self":[{"href":"https:\/\/eldiariodesanpedro.com.ar\/sitio\/wp-json\/wp\/v2\/posts\/33475","targetHints":{"allow":["GET"]}}],"collection":[{"href":"https:\/\/eldiariodesanpedro.com.ar\/sitio\/wp-json\/wp\/v2\/posts"}],"about":[{"href":"https:\/\/eldiariodesanpedro.com.ar\/sitio\/wp-json\/wp\/v2\/types\/post"}],"author":[{"embeddable":true,"href":"https:\/\/eldiariodesanpedro.com.ar\/sitio\/wp-json\/wp\/v2\/users\/4"}],"replies":[{"embeddable":true,"href":"https:\/\/eldiariodesanpedro.com.ar\/sitio\/wp-json\/wp\/v2\/comments?post=33475"}],"version-history":[{"count":1,"href":"https:\/\/eldiariodesanpedro.com.ar\/sitio\/wp-json\/wp\/v2\/posts\/33475\/revisions"}],"predecessor-version":[{"id":33477,"href":"https:\/\/eldiariodesanpedro.com.ar\/sitio\/wp-json\/wp\/v2\/posts\/33475\/revisions\/33477"}],"wp:featuredmedia":[{"embeddable":true,"href":"https:\/\/eldiariodesanpedro.com.ar\/sitio\/wp-json\/wp\/v2\/media\/33476"}],"wp:attachment":[{"href":"https:\/\/eldiariodesanpedro.com.ar\/sitio\/wp-json\/wp\/v2\/media?parent=33475"}],"wp:term":[{"taxonomy":"category","embeddable":true,"href":"https:\/\/eldiariodesanpedro.com.ar\/sitio\/wp-json\/wp\/v2\/categories?post=33475"},{"taxonomy":"post_tag","embeddable":true,"href":"https:\/\/eldiariodesanpedro.com.ar\/sitio\/wp-json\/wp\/v2\/tags?post=33475"}],"curies":[{"name":"wp","href":"https:\/\/api.w.org\/{rel}","templated":true}]}}