{"id":33464,"date":"2018-05-20T20:32:08","date_gmt":"2018-05-20T23:32:08","guid":{"rendered":"https:\/\/eldiariodesanpedro.com.ar\/sitio\/?p=33464"},"modified":"2018-05-20T20:32:08","modified_gmt":"2018-05-20T23:32:08","slug":"san-nicolas-encontraron-el-cuerpo-sin-vida-de-juan-pablo-moreyra","status":"publish","type":"post","link":"https:\/\/eldiariodesanpedro.com.ar\/sitio\/san-nicolas-encontraron-el-cuerpo-sin-vida-de-juan-pablo-moreyra\/","title":{"rendered":"SAN NICOL\u00c1S: Encontraron el cuerpo sin vida de Juan Pablo Moreyra"},"content":{"rendered":"<p><!-- VideographyWP Plugin Message: Automatic video embedding prevented by plugin options. --><br \/>\nLamentablemente ayer personal de Prefectura encontr\u00f3 el cuerpo sin vida de Juan Pablo Moreyra. Se investigan las causas de su deceso.<\/p>\n<p>  Desde el pasado fin de semana que Personal de la Prefectura Naval con asiento en Villa Constituci\u00f3n estuvo colaborando con la Polic\u00eda de Islas de Entre R\u00edos en la b\u00fasqueda de Juan Pablo Moreyra, de 28 a\u00f1os, nicole\u00f1o domiciliado en barrio Lares que desapareci\u00f3 el domingo 13 de mayo por la noche en una de las lagunas que se encuentran ubicadas en la zona cercana al r\u00edo Paran\u00e1 Pav\u00f3n.   <\/p>\n<p>  Lamentablemente ayer personal de Prefectura encontr\u00f3 el cuerpo sin vida de Juan Pablo. Se investigan las causas de su deceso. <\/p>\n<p>  La denuncia la hizo un puestero amigo del desaparecido quien expres\u00f3 que en la ma\u00f1ana de ese d\u00eda Moreyra sali\u00f3 en un bote pl\u00e1stico a la laguna La Correntina, situada en cercan\u00edas de su ranchada, el que se encuentra sobre el Paran\u00e1 Pav\u00f3n. Aparentemente habr\u00edan estado buscando unos caballos.<\/p>\n<p>  El muchacho ten\u00eda previsto regresar en horas de la tarde y como no lo hizo, cuando los amigos salieron a buscarlo, encontraron  la embarcaci\u00f3n semi hundida en la laguna. La laguna es cerrada por lo cual los efectivos policiales y de Prefectura solo pueden llegar a ella a caballo, lo cual dificult\u00f3 las tareas de b\u00fasqueda.<\/p>\n<p>Fuente: Diario El Norte<\/p>\n","protected":false},"excerpt":{"rendered":"<p>Lamentablemente ayer personal de Prefectura encontr\u00f3 el cuerpo sin vida de Juan Pablo Moreyra. Se investigan las causas de su deceso. Desde el pasado fin de semana que Personal de la Prefectura Naval con asiento en Villa Constituci\u00f3n estuvo colaborando con la Polic\u00eda de Islas de Entre R\u00edos en la b\u00fasqueda de Juan Pablo Moreyra, [&hellip;]<\/p>\n","protected":false},"author":4,"featured_media":33466,"comment_status":"open","ping_status":"closed","sticky":false,"template":"","format":"standard","meta":{"om_disable_all_campaigns":false,"_jetpack_memberships_contains_paid_content":false,"footnotes":""},"categories":[621],"tags":[],"class_list":["post-33464","post","type-post","status-publish","format-standard","has-post-thumbnail","hentry","category-regionales"],"aioseo_notices":[],"gutentor_comment":0,"jetpack_featured_media_url":"https:\/\/eldiariodesanpedro.com.ar\/sitio\/wp-content\/uploads\/2018\/05\/juan-pablo-moreyra.jpg","jetpack_shortlink":"https:\/\/wp.me\/p6RhLt-8HK","jetpack_sharing_enabled":true,"_links":{"self":[{"href":"https:\/\/eldiariodesanpedro.com.ar\/sitio\/wp-json\/wp\/v2\/posts\/33464","targetHints":{"allow":["GET"]}}],"collection":[{"href":"https:\/\/eldiariodesanpedro.com.ar\/sitio\/wp-json\/wp\/v2\/posts"}],"about":[{"href":"https:\/\/eldiariodesanpedro.com.ar\/sitio\/wp-json\/wp\/v2\/types\/post"}],"author":[{"embeddable":true,"href":"https:\/\/eldiariodesanpedro.com.ar\/sitio\/wp-json\/wp\/v2\/users\/4"}],"replies":[{"embeddable":true,"href":"https:\/\/eldiariodesanpedro.com.ar\/sitio\/wp-json\/wp\/v2\/comments?post=33464"}],"version-history":[{"count":1,"href":"https:\/\/eldiariodesanpedro.com.ar\/sitio\/wp-json\/wp\/v2\/posts\/33464\/revisions"}],"predecessor-version":[{"id":33468,"href":"https:\/\/eldiariodesanpedro.com.ar\/sitio\/wp-json\/wp\/v2\/posts\/33464\/revisions\/33468"}],"wp:featuredmedia":[{"embeddable":true,"href":"https:\/\/eldiariodesanpedro.com.ar\/sitio\/wp-json\/wp\/v2\/media\/33466"}],"wp:attachment":[{"href":"https:\/\/eldiariodesanpedro.com.ar\/sitio\/wp-json\/wp\/v2\/media?parent=33464"}],"wp:term":[{"taxonomy":"category","embeddable":true,"href":"https:\/\/eldiariodesanpedro.com.ar\/sitio\/wp-json\/wp\/v2\/categories?post=33464"},{"taxonomy":"post_tag","embeddable":true,"href":"https:\/\/eldiariodesanpedro.com.ar\/sitio\/wp-json\/wp\/v2\/tags?post=33464"}],"curies":[{"name":"wp","href":"https:\/\/api.w.org\/{rel}","templated":true}]}}