{"id":33462,"date":"2018-05-20T20:29:47","date_gmt":"2018-05-20T23:29:47","guid":{"rendered":"https:\/\/eldiariodesanpedro.com.ar\/sitio\/?p=33462"},"modified":"2018-05-20T20:29:47","modified_gmt":"2018-05-20T23:29:47","slug":"san-nicolas-policia-local-se-fugo-tras-ser-acusado-de-abuso-a-su-sobrino","status":"publish","type":"post","link":"https:\/\/eldiariodesanpedro.com.ar\/sitio\/san-nicolas-policia-local-se-fugo-tras-ser-acusado-de-abuso-a-su-sobrino\/","title":{"rendered":"SAN NICOL\u00c1S:  Polic\u00eda Local se fug\u00f3 tras ser acusado de abuso a su sobrino"},"content":{"rendered":"<p><!-- VideographyWP Plugin Message: Automatic video embedding prevented by plugin options. --><br \/>\nUn integrante de la Polic\u00eda Local est\u00e1 siendo investigado por una denuncia de abuso sexual con acceso carnal en su contra.<\/p>\n<p>  La causa se encuentra en plena investigaci\u00f3n, inici\u00e1ndose esta semana tras la denuncia de la madre del ni\u00f1o. La v\u00edctima tiene 12 a\u00f1os y es el sobrino del acusado.<\/p>\n<p>  Trascendi\u00f3 que el menor fue al Hospital San Felipe con su madre por otra dolencia y fue en esa consulta que los doctores advirtieron evidencias de que hab\u00eda sido abusado. Tiempo despu\u00e9s el chico confesar\u00eda lo sucedido con su t\u00edo.<\/p>\n<p>  Tras la denuncia, se inici\u00f3 la investigaci\u00f3n y hasta el momento no se libr\u00f3 la orden de detenci\u00f3n para con el acusado. El ni\u00f1o todav\u00eda no declar\u00f3 en C\u00e1mara Gesell.<\/p>\n<p>  No obstante, el efectivo policial esta semana no se present\u00f3 a trabajar y desde la Polic\u00eda local se le abri\u00f3 un sumario por Abandono de Servicio.<\/p>\n<p>Fuente: Diario El Informante<\/p>\n","protected":false},"excerpt":{"rendered":"<p>Un integrante de la Polic\u00eda Local est\u00e1 siendo investigado por una denuncia de abuso sexual con acceso carnal en su contra. La causa se encuentra en plena investigaci\u00f3n, inici\u00e1ndose esta semana tras la denuncia de la madre del ni\u00f1o. La v\u00edctima tiene 12 a\u00f1os y es el sobrino del acusado. Trascendi\u00f3 que el menor fue [&hellip;]<\/p>\n","protected":false},"author":4,"featured_media":33463,"comment_status":"open","ping_status":"closed","sticky":false,"template":"","format":"standard","meta":{"om_disable_all_campaigns":false,"_jetpack_memberships_contains_paid_content":false,"footnotes":""},"categories":[621],"tags":[],"class_list":["post-33462","post","type-post","status-publish","format-standard","has-post-thumbnail","hentry","category-regionales"],"aioseo_notices":[],"gutentor_comment":0,"jetpack_featured_media_url":"https:\/\/eldiariodesanpedro.com.ar\/sitio\/wp-content\/uploads\/2018\/05\/PAGINA-6-3.jpg","jetpack_shortlink":"https:\/\/wp.me\/p6RhLt-8HI","jetpack_sharing_enabled":true,"_links":{"self":[{"href":"https:\/\/eldiariodesanpedro.com.ar\/sitio\/wp-json\/wp\/v2\/posts\/33462","targetHints":{"allow":["GET"]}}],"collection":[{"href":"https:\/\/eldiariodesanpedro.com.ar\/sitio\/wp-json\/wp\/v2\/posts"}],"about":[{"href":"https:\/\/eldiariodesanpedro.com.ar\/sitio\/wp-json\/wp\/v2\/types\/post"}],"author":[{"embeddable":true,"href":"https:\/\/eldiariodesanpedro.com.ar\/sitio\/wp-json\/wp\/v2\/users\/4"}],"replies":[{"embeddable":true,"href":"https:\/\/eldiariodesanpedro.com.ar\/sitio\/wp-json\/wp\/v2\/comments?post=33462"}],"version-history":[{"count":1,"href":"https:\/\/eldiariodesanpedro.com.ar\/sitio\/wp-json\/wp\/v2\/posts\/33462\/revisions"}],"predecessor-version":[{"id":33465,"href":"https:\/\/eldiariodesanpedro.com.ar\/sitio\/wp-json\/wp\/v2\/posts\/33462\/revisions\/33465"}],"wp:featuredmedia":[{"embeddable":true,"href":"https:\/\/eldiariodesanpedro.com.ar\/sitio\/wp-json\/wp\/v2\/media\/33463"}],"wp:attachment":[{"href":"https:\/\/eldiariodesanpedro.com.ar\/sitio\/wp-json\/wp\/v2\/media?parent=33462"}],"wp:term":[{"taxonomy":"category","embeddable":true,"href":"https:\/\/eldiariodesanpedro.com.ar\/sitio\/wp-json\/wp\/v2\/categories?post=33462"},{"taxonomy":"post_tag","embeddable":true,"href":"https:\/\/eldiariodesanpedro.com.ar\/sitio\/wp-json\/wp\/v2\/tags?post=33462"}],"curies":[{"name":"wp","href":"https:\/\/api.w.org\/{rel}","templated":true}]}}