{"id":33459,"date":"2018-05-20T20:16:04","date_gmt":"2018-05-20T23:16:04","guid":{"rendered":"https:\/\/eldiariodesanpedro.com.ar\/sitio\/?p=33459"},"modified":"2018-05-20T20:16:04","modified_gmt":"2018-05-20T23:16:04","slug":"tres-detenidos-por-el-ataque-a-un-joven-al-que-le-quisieron-robar-la-moto","status":"publish","type":"post","link":"https:\/\/eldiariodesanpedro.com.ar\/sitio\/tres-detenidos-por-el-ataque-a-un-joven-al-que-le-quisieron-robar-la-moto\/","title":{"rendered":"Tres detenidos por el ataque a un joven al que le quisieron robar la moto"},"content":{"rendered":"<p><!-- VideographyWP Plugin Message: Automatic video embedding prevented by plugin options. --><br \/>\nUn joven de 19 a\u00f1os result\u00f3 gravemente herido cuando intent\u00f3 evitar el robo de su moto mientras se desarrollaba un cumplea\u00f1os en el Club A. Banfield. Hay tres aprehendidos, todos con frondosos antecedentes. <\/p>\n<p>  En un grave incidente acontecido en la madrugada del domingo, un joven de 19 a\u00f1os identificado como Alexis S\u00e1nchez debi\u00f3 ser internado en el Hospital \u00abEmilio Ruffa\u00bb luego de que recibiera un puntazo en el cuello, a la altura de la yugular.<\/p>\n<p>  Sucedi\u00f3 mientras se desarrollaba un cumplea\u00f1os en el sal\u00f3n del Club Atl\u00e9tico Banfield, ubicado en 11 de Septiembre y Aul\u00ed. Seg\u00fan relataron testigos, tres j\u00f3venes pretendieron robarle la moto a la victima, esta intent\u00f3 evitarlo y se tom\u00f3 a golpes de pu\u00f1os. All\u00ed, en medio de la trifulca fue cuando recibi\u00f3 el puntazo. <\/p>\n<p>  S\u00e1nchez fue trasladado a la Guardia del Hospital, en donde se encuentra internado en grave estado, mientras que los tres atacantes, todos con frondosos antecedentes y autores de los hechos m\u00e1s resonantes de los \u00faltimos meses, fueron detenidos y puestos a disposici\u00f3n de la Fiscal\u00eda del Dr. Manso.<\/p>\n<p>  El caso fue caratulado como \u00abrobo agravado en poblado y en banda en grado de tentativa, lesiones graves, secuestro y aprehensi\u00f3n\u00bb. <\/p>\n<p>Fuente: San Pedro Informa<\/p>\n","protected":false},"excerpt":{"rendered":"<p>Un joven de 19 a\u00f1os result\u00f3 gravemente herido cuando intent\u00f3 evitar el robo de su moto mientras se desarrollaba un cumplea\u00f1os en el Club A. Banfield. Hay tres aprehendidos, todos con frondosos antecedentes. En un grave incidente acontecido en la madrugada del domingo, un joven de 19 a\u00f1os identificado como Alexis S\u00e1nchez debi\u00f3 ser internado [&hellip;]<\/p>\n","protected":false},"author":4,"featured_media":7819,"comment_status":"open","ping_status":"closed","sticky":false,"template":"","format":"standard","meta":{"om_disable_all_campaigns":false,"_jetpack_memberships_contains_paid_content":false,"footnotes":""},"categories":[2,103],"tags":[],"class_list":["post-33459","post","type-post","status-publish","format-standard","has-post-thumbnail","hentry","category-locales","category-policiales-locales"],"aioseo_notices":[],"gutentor_comment":0,"jetpack_featured_media_url":"https:\/\/eldiariodesanpedro.com.ar\/sitio\/wp-content\/uploads\/2016\/09\/detenidos-esposados.jpg","jetpack_shortlink":"https:\/\/wp.me\/p6RhLt-8HF","jetpack_sharing_enabled":true,"_links":{"self":[{"href":"https:\/\/eldiariodesanpedro.com.ar\/sitio\/wp-json\/wp\/v2\/posts\/33459","targetHints":{"allow":["GET"]}}],"collection":[{"href":"https:\/\/eldiariodesanpedro.com.ar\/sitio\/wp-json\/wp\/v2\/posts"}],"about":[{"href":"https:\/\/eldiariodesanpedro.com.ar\/sitio\/wp-json\/wp\/v2\/types\/post"}],"author":[{"embeddable":true,"href":"https:\/\/eldiariodesanpedro.com.ar\/sitio\/wp-json\/wp\/v2\/users\/4"}],"replies":[{"embeddable":true,"href":"https:\/\/eldiariodesanpedro.com.ar\/sitio\/wp-json\/wp\/v2\/comments?post=33459"}],"version-history":[{"count":1,"href":"https:\/\/eldiariodesanpedro.com.ar\/sitio\/wp-json\/wp\/v2\/posts\/33459\/revisions"}],"predecessor-version":[{"id":33460,"href":"https:\/\/eldiariodesanpedro.com.ar\/sitio\/wp-json\/wp\/v2\/posts\/33459\/revisions\/33460"}],"wp:featuredmedia":[{"embeddable":true,"href":"https:\/\/eldiariodesanpedro.com.ar\/sitio\/wp-json\/wp\/v2\/media\/7819"}],"wp:attachment":[{"href":"https:\/\/eldiariodesanpedro.com.ar\/sitio\/wp-json\/wp\/v2\/media?parent=33459"}],"wp:term":[{"taxonomy":"category","embeddable":true,"href":"https:\/\/eldiariodesanpedro.com.ar\/sitio\/wp-json\/wp\/v2\/categories?post=33459"},{"taxonomy":"post_tag","embeddable":true,"href":"https:\/\/eldiariodesanpedro.com.ar\/sitio\/wp-json\/wp\/v2\/tags?post=33459"}],"curies":[{"name":"wp","href":"https:\/\/api.w.org\/{rel}","templated":true}]}}