{"id":33456,"date":"2018-05-20T20:02:02","date_gmt":"2018-05-20T23:02:02","guid":{"rendered":"https:\/\/eldiariodesanpedro.com.ar\/sitio\/?p=33456"},"modified":"2018-05-20T20:02:02","modified_gmt":"2018-05-20T23:02:02","slug":"tres-accidentes-durante-el-fin-de-semana-2","status":"publish","type":"post","link":"https:\/\/eldiariodesanpedro.com.ar\/sitio\/tres-accidentes-durante-el-fin-de-semana-2\/","title":{"rendered":"Tres accidentes durante el fin de semana"},"content":{"rendered":"<p><!-- VideographyWP Plugin Message: Automatic video embedding prevented by plugin options. --><br \/>\nLos sucesos ocurrieron durante los \u00faltimos tre dias en ninguno de los casos se provoco herido de gravedad.<\/p>\n<p>Este viernes se registro un siniestro vial en la intersecci\u00f3n de las calles Colon y Anibal de Anton, donde un autom\u00f3vil Fiat Palio color gris y una Motocicleta Gilera Smash gris impactaron provocando que la ocupante de rodado menor resulto lesionada y trasladada al hospital subzonal San Pedro.<\/p>\n<p>el segundo accidente se produjo en calle Auli y 25 de Mayo el viernes por la tarde donde colisionan autom\u00f3vil Chevrolet Fluence color gris guiado por masculino y motocicleta Gilera Smash de color gris guiada por femenina, que tras impacto femenina resulto con corte en la frente siendo asistida en el hospital subzonal San Pedro dada de alta a la brevedad. <\/p>\n<p>En la ma\u00f1ana del domingo un cami\u00f3n embisti\u00f3 a un auto que circulaba por la Ruta Provincial 191. La baja velocidad en la que circulaba el pesado rodado evit\u00f3 que la gravedad del incidente sea mayor. <\/p>\n<p>Se produjo una colisi\u00f3n entre un cami\u00f3n Mercedes Benz y un VW Gol. Sucedi\u00f3 en la intersecci\u00f3n de las Rutas 9 y 191, sobre el camino provincial.<br \/>\nSeg\u00fan se pudo saber el camionero oriundo de nuestra ciudad se encandil\u00f3 y no advirti\u00f3 el paso del auto que circulaba en sentido a San Pedro. El veh\u00edculo VW Gol fue impactado sobre la puerta lateral cuando el cami\u00f3n pretend\u00eda cruzar en sentido al camino nacional. <\/p>\n<p>Como consecuencia del incidente el hombre que conduc\u00eda el auto, tambi\u00e9n oriundo de San Pedro result\u00f3 lesionado en la mu\u00f1eca derecha.<\/p>\n","protected":false},"excerpt":{"rendered":"<p>Los sucesos ocurrieron durante los \u00faltimos tre dias en ninguno de los casos se provoco herido de gravedad. Este viernes se registro un siniestro vial en la intersecci\u00f3n de las calles Colon y Anibal de Anton, donde un autom\u00f3vil Fiat Palio color gris y una Motocicleta Gilera Smash gris impactaron provocando que la ocupante de [&hellip;]<\/p>\n","protected":false},"author":4,"featured_media":33457,"comment_status":"open","ping_status":"closed","sticky":false,"template":"","format":"standard","meta":{"om_disable_all_campaigns":false,"_jetpack_memberships_contains_paid_content":false,"footnotes":""},"categories":[2,103],"tags":[],"class_list":["post-33456","post","type-post","status-publish","format-standard","has-post-thumbnail","hentry","category-locales","category-policiales-locales"],"aioseo_notices":[],"gutentor_comment":0,"jetpack_featured_media_url":"https:\/\/eldiariodesanpedro.com.ar\/sitio\/wp-content\/uploads\/2018\/05\/000068706.jpg","jetpack_shortlink":"https:\/\/wp.me\/p6RhLt-8HC","jetpack_sharing_enabled":true,"_links":{"self":[{"href":"https:\/\/eldiariodesanpedro.com.ar\/sitio\/wp-json\/wp\/v2\/posts\/33456","targetHints":{"allow":["GET"]}}],"collection":[{"href":"https:\/\/eldiariodesanpedro.com.ar\/sitio\/wp-json\/wp\/v2\/posts"}],"about":[{"href":"https:\/\/eldiariodesanpedro.com.ar\/sitio\/wp-json\/wp\/v2\/types\/post"}],"author":[{"embeddable":true,"href":"https:\/\/eldiariodesanpedro.com.ar\/sitio\/wp-json\/wp\/v2\/users\/4"}],"replies":[{"embeddable":true,"href":"https:\/\/eldiariodesanpedro.com.ar\/sitio\/wp-json\/wp\/v2\/comments?post=33456"}],"version-history":[{"count":1,"href":"https:\/\/eldiariodesanpedro.com.ar\/sitio\/wp-json\/wp\/v2\/posts\/33456\/revisions"}],"predecessor-version":[{"id":33458,"href":"https:\/\/eldiariodesanpedro.com.ar\/sitio\/wp-json\/wp\/v2\/posts\/33456\/revisions\/33458"}],"wp:featuredmedia":[{"embeddable":true,"href":"https:\/\/eldiariodesanpedro.com.ar\/sitio\/wp-json\/wp\/v2\/media\/33457"}],"wp:attachment":[{"href":"https:\/\/eldiariodesanpedro.com.ar\/sitio\/wp-json\/wp\/v2\/media?parent=33456"}],"wp:term":[{"taxonomy":"category","embeddable":true,"href":"https:\/\/eldiariodesanpedro.com.ar\/sitio\/wp-json\/wp\/v2\/categories?post=33456"},{"taxonomy":"post_tag","embeddable":true,"href":"https:\/\/eldiariodesanpedro.com.ar\/sitio\/wp-json\/wp\/v2\/tags?post=33456"}],"curies":[{"name":"wp","href":"https:\/\/api.w.org\/{rel}","templated":true}]}}