{"id":33453,"date":"2018-05-20T19:42:41","date_gmt":"2018-05-20T22:42:41","guid":{"rendered":"https:\/\/eldiariodesanpedro.com.ar\/sitio\/?p=33453"},"modified":"2018-05-20T19:42:41","modified_gmt":"2018-05-20T22:42:41","slug":"incendio-de-vehiculo-en-plena-calle","status":"publish","type":"post","link":"https:\/\/eldiariodesanpedro.com.ar\/sitio\/incendio-de-vehiculo-en-plena-calle\/","title":{"rendered":"Incendio de veh\u00edculo en plena calle"},"content":{"rendered":"<p><!-- VideographyWP Plugin Message: Automatic video embedding prevented by plugin options. --><br \/>\nSucedi\u00f3 sobre el atardecer del s\u00e1bado sobre la calle Tres de Febrero y Segundo Sombra, mientras el auto circulaba sin inconvenientes.<\/p>\n<p>obre el atardecer del s\u00e1bado se produjo el incendio de un auto en plena v\u00eda p\u00fablica. Sucedi\u00f3 despu\u00e9s de las 19 horas donde un veh\u00edculo Ford Escort de color azul que circulaba por Avenida Tres de Febrero comenz\u00f3 a prenderse fuego a metros de la intersecci\u00f3n con Segundo Sombra. <\/p>\n<p>Seg\u00fan los damnificados ven\u00edan transitando con normalidad en sentido al cetro cuando de repente comenz\u00f3 a arder el sector del motor. El riesgo fue mayor porque el rodado era a gas pero el arribo de una unidad del cuerpo de Bomberos Voluntarios a cargo de Rom\u00e1n Montenegro llev\u00f3 tranquilidad.<\/p>\n<p>R\u00e1pidamente se interrumpi\u00f3 el suministro de gas y se extingui\u00f3 el fuego de inmediato sin que se originaran demasiados inconvenientes. Fuente: San Pedro Informa<\/p>\n<div style=\"width: 640px;\" class=\"wp-video\"><video class=\"wp-video-shortcode\" id=\"video-33453-1\" width=\"640\" height=\"360\" preload=\"metadata\" controls=\"controls\"><source type=\"video\/mp4\" src=\"https:\/\/eldiariodesanpedro.com.ar\/sitio\/wp-content\/uploads\/2018\/05\/20180519_184406.mp4?_=1\" \/><a href=\"https:\/\/eldiariodesanpedro.com.ar\/sitio\/wp-content\/uploads\/2018\/05\/20180519_184406.mp4\">https:\/\/eldiariodesanpedro.com.ar\/sitio\/wp-content\/uploads\/2018\/05\/20180519_184406.mp4<\/a><\/video><\/div>\n<div style=\"width: 640px;\" class=\"wp-video\"><video class=\"wp-video-shortcode\" id=\"video-33453-2\" width=\"640\" height=\"360\" preload=\"metadata\" controls=\"controls\"><source type=\"video\/mp4\" src=\"https:\/\/eldiariodesanpedro.com.ar\/sitio\/wp-content\/uploads\/2018\/05\/20180519_184439.mp4?_=2\" \/><a href=\"https:\/\/eldiariodesanpedro.com.ar\/sitio\/wp-content\/uploads\/2018\/05\/20180519_184439.mp4\">https:\/\/eldiariodesanpedro.com.ar\/sitio\/wp-content\/uploads\/2018\/05\/20180519_184439.mp4<\/a><\/video><\/div>\n","protected":false},"excerpt":{"rendered":"<p>Sucedi\u00f3 sobre el atardecer del s\u00e1bado sobre la calle Tres de Febrero y Segundo Sombra, mientras el auto circulaba sin inconvenientes. obre el atardecer del s\u00e1bado se produjo el incendio de un auto en plena v\u00eda p\u00fablica. Sucedi\u00f3 despu\u00e9s de las 19 horas donde un veh\u00edculo Ford Escort de color azul que circulaba por Avenida [&hellip;]<\/p>\n","protected":false},"author":4,"featured_media":33451,"comment_status":"open","ping_status":"closed","sticky":false,"template":"","format":"standard","meta":{"om_disable_all_campaigns":false,"_jetpack_memberships_contains_paid_content":false,"footnotes":""},"categories":[50,2,103],"tags":[],"class_list":["post-33453","post","type-post","status-publish","format-standard","has-post-thumbnail","hentry","category-destacadas","category-locales","category-policiales-locales"],"aioseo_notices":[],"gutentor_comment":0,"jetpack_featured_media_url":"https:\/\/eldiariodesanpedro.com.ar\/sitio\/wp-content\/uploads\/2018\/05\/20180519_184332-e1526856076190.jpg","jetpack_shortlink":"https:\/\/wp.me\/p6RhLt-8Hz","jetpack_sharing_enabled":true,"_links":{"self":[{"href":"https:\/\/eldiariodesanpedro.com.ar\/sitio\/wp-json\/wp\/v2\/posts\/33453","targetHints":{"allow":["GET"]}}],"collection":[{"href":"https:\/\/eldiariodesanpedro.com.ar\/sitio\/wp-json\/wp\/v2\/posts"}],"about":[{"href":"https:\/\/eldiariodesanpedro.com.ar\/sitio\/wp-json\/wp\/v2\/types\/post"}],"author":[{"embeddable":true,"href":"https:\/\/eldiariodesanpedro.com.ar\/sitio\/wp-json\/wp\/v2\/users\/4"}],"replies":[{"embeddable":true,"href":"https:\/\/eldiariodesanpedro.com.ar\/sitio\/wp-json\/wp\/v2\/comments?post=33453"}],"version-history":[{"count":1,"href":"https:\/\/eldiariodesanpedro.com.ar\/sitio\/wp-json\/wp\/v2\/posts\/33453\/revisions"}],"predecessor-version":[{"id":33454,"href":"https:\/\/eldiariodesanpedro.com.ar\/sitio\/wp-json\/wp\/v2\/posts\/33453\/revisions\/33454"}],"wp:featuredmedia":[{"embeddable":true,"href":"https:\/\/eldiariodesanpedro.com.ar\/sitio\/wp-json\/wp\/v2\/media\/33451"}],"wp:attachment":[{"href":"https:\/\/eldiariodesanpedro.com.ar\/sitio\/wp-json\/wp\/v2\/media?parent=33453"}],"wp:term":[{"taxonomy":"category","embeddable":true,"href":"https:\/\/eldiariodesanpedro.com.ar\/sitio\/wp-json\/wp\/v2\/categories?post=33453"},{"taxonomy":"post_tag","embeddable":true,"href":"https:\/\/eldiariodesanpedro.com.ar\/sitio\/wp-json\/wp\/v2\/tags?post=33453"}],"curies":[{"name":"wp","href":"https:\/\/api.w.org\/{rel}","templated":true}]}}