{"id":33445,"date":"2018-05-20T19:21:38","date_gmt":"2018-05-20T22:21:38","guid":{"rendered":"https:\/\/eldiariodesanpedro.com.ar\/sitio\/?p=33445"},"modified":"2018-05-20T19:21:38","modified_gmt":"2018-05-20T22:21:38","slug":"una-nueva-movilizacion-de-niunamenos-el-proximo-lunes-4-de-junio","status":"publish","type":"post","link":"https:\/\/eldiariodesanpedro.com.ar\/sitio\/una-nueva-movilizacion-de-niunamenos-el-proximo-lunes-4-de-junio\/","title":{"rendered":"Una nueva movilizaci\u00f3n de #NiUnaMenos el pr\u00f3ximo lunes 4 de Junio"},"content":{"rendered":"<p><!-- VideographyWP Plugin Message: Automatic video embedding prevented by plugin options. --><br \/>\nEn consonancia con lo decidido a nivel nacional, la movilizaci\u00f3n se realizar\u00e1 el lunes 4, a partir de las 18.30. As\u00ed fue definido este s\u00e1bado en la segunda asamblea que se realiz\u00f3 en las instalaciones de la Escuela 7 con la participaci\u00f3n de distintas agrupaciones, estudiantes y mujeres independientes.<\/p>\n<p>Este s\u00e1bado se concret\u00f3 la segunda asamblea de organizaci\u00f3n de la marcha del Ni Una Menos que desde hace 3 a\u00f1os se concreta el 3 de junio. En esta oportunidad, la movilizaci\u00f3n se realizar\u00e1 el lunes 4, en consonancia con lo votado en la asamblea nacional.<\/p>\n<p>La reuni\u00f3n se concret\u00f3 en las instalaciones de la Escuela 7, con la participaci\u00f3n de agrupaciones feministas, partidarias y mujeres independientes. Durante el encuentro se defini\u00f3 adem\u00e1s que la concentraci\u00f3n se realizar\u00e1 en la Peatonal desde las 18.30.<\/p>\n<p>Las reuniones de organizaci\u00f3n continuar\u00e1n en los pr\u00f3ximos d\u00edas. La pr\u00f3xima asamblea se concretar\u00e1 el s\u00e1bado 26 en Andar, Mitre y Aul\u00ed. La misma tiene un caracter abierto para todas aquellas mujeres interesadas en participar.<\/p>\n<p>En el pr\u00f3ximo encuentro se avanzar\u00e1 en la elecci\u00f3n de las consignas de la movilizaci\u00f3n, la confecci\u00f3n de pancartas y la redacci\u00f3n del documento que ser\u00e1 le\u00eddo al finalizar la jornada del 4 de junio. Fuente: Vision Regional<\/p>\n","protected":false},"excerpt":{"rendered":"<p>En consonancia con lo decidido a nivel nacional, la movilizaci\u00f3n se realizar\u00e1 el lunes 4, a partir de las 18.30. As\u00ed fue definido este s\u00e1bado en la segunda asamblea que se realiz\u00f3 en las instalaciones de la Escuela 7 con la participaci\u00f3n de distintas agrupaciones, estudiantes y mujeres independientes. Este s\u00e1bado se concret\u00f3 la segunda [&hellip;]<\/p>\n","protected":false},"author":4,"featured_media":33446,"comment_status":"open","ping_status":"closed","sticky":false,"template":"","format":"standard","meta":{"om_disable_all_campaigns":false,"_jetpack_memberships_contains_paid_content":false,"footnotes":""},"categories":[101,2],"tags":[],"class_list":["post-33445","post","type-post","status-publish","format-standard","has-post-thumbnail","hentry","category-interes-general-locales","category-locales"],"aioseo_notices":[],"gutentor_comment":0,"jetpack_featured_media_url":"https:\/\/eldiariodesanpedro.com.ar\/sitio\/wp-content\/uploads\/2018\/05\/Ni-una-menos.jpg","jetpack_shortlink":"https:\/\/wp.me\/p6RhLt-8Hr","jetpack_sharing_enabled":true,"_links":{"self":[{"href":"https:\/\/eldiariodesanpedro.com.ar\/sitio\/wp-json\/wp\/v2\/posts\/33445","targetHints":{"allow":["GET"]}}],"collection":[{"href":"https:\/\/eldiariodesanpedro.com.ar\/sitio\/wp-json\/wp\/v2\/posts"}],"about":[{"href":"https:\/\/eldiariodesanpedro.com.ar\/sitio\/wp-json\/wp\/v2\/types\/post"}],"author":[{"embeddable":true,"href":"https:\/\/eldiariodesanpedro.com.ar\/sitio\/wp-json\/wp\/v2\/users\/4"}],"replies":[{"embeddable":true,"href":"https:\/\/eldiariodesanpedro.com.ar\/sitio\/wp-json\/wp\/v2\/comments?post=33445"}],"version-history":[{"count":1,"href":"https:\/\/eldiariodesanpedro.com.ar\/sitio\/wp-json\/wp\/v2\/posts\/33445\/revisions"}],"predecessor-version":[{"id":33447,"href":"https:\/\/eldiariodesanpedro.com.ar\/sitio\/wp-json\/wp\/v2\/posts\/33445\/revisions\/33447"}],"wp:featuredmedia":[{"embeddable":true,"href":"https:\/\/eldiariodesanpedro.com.ar\/sitio\/wp-json\/wp\/v2\/media\/33446"}],"wp:attachment":[{"href":"https:\/\/eldiariodesanpedro.com.ar\/sitio\/wp-json\/wp\/v2\/media?parent=33445"}],"wp:term":[{"taxonomy":"category","embeddable":true,"href":"https:\/\/eldiariodesanpedro.com.ar\/sitio\/wp-json\/wp\/v2\/categories?post=33445"},{"taxonomy":"post_tag","embeddable":true,"href":"https:\/\/eldiariodesanpedro.com.ar\/sitio\/wp-json\/wp\/v2\/tags?post=33445"}],"curies":[{"name":"wp","href":"https:\/\/api.w.org\/{rel}","templated":true}]}}