{"id":33442,"date":"2018-05-20T19:12:33","date_gmt":"2018-05-20T22:12:33","guid":{"rendered":"https:\/\/eldiariodesanpedro.com.ar\/sitio\/?p=33442"},"modified":"2018-05-20T19:12:33","modified_gmt":"2018-05-20T22:12:33","slug":"alerta-para-productores-de-citricos","status":"publish","type":"post","link":"https:\/\/eldiariodesanpedro.com.ar\/sitio\/alerta-para-productores-de-citricos\/","title":{"rendered":"Alerta para productores de c\u00edtricos"},"content":{"rendered":"<p><!-- VideographyWP Plugin Message: Automatic video embedding prevented by plugin options. --><br \/>\nEl INTA San Pedro informa dos situaciones que requieren especial atenci\u00f3n para los productores: la predisposici\u00f3n a ocurrencia de problemas de phytophthora y las elevadas poblaciones de mosca de los frutos.<\/p>\n<p>Las condiciones clim\u00e1ticas y el estado de maduraci\u00f3n de las frutas c\u00edtricas predisponen la ocurrencia de problemas de phytophthora, hongo que crece en el suelo y puede afectar a los frutos que est\u00e1n preferentemente ubicados en la parte inferior de la copa, ataca diferentes cultivos y es causante entre otras cosas de la pudrici\u00f3n de los frutos.  Se recomienda en este caso eliminar frutas afectadas y realizar tratamientos utilizando productos espec\u00edficos y que respeten los tiempos de carencia. <\/p>\n<p>Por otro lado, los relevamientos realizados permiten observar elevadas poblaciones de mosca de la fruta, que afecta principalmente fruta cercana a su madurez. Por ello es necesario extremar los monitoreos del cultivo a trav\u00e9s del empleo de trampas espec\u00edficas para esta plaga. En este sentido, se recomienda monitoreo y al realizar los tratamientos de control, respetar los periodos de carencia. Recordar que el umbral de da\u00f1o es 1 mosca por trampa y por d\u00eda.<\/p>\n<p>En todos los casos se recomienda consultar al t\u00e9cnico asesor del monte, o al INTA.<\/p>\n","protected":false},"excerpt":{"rendered":"<p>El INTA San Pedro informa dos situaciones que requieren especial atenci\u00f3n para los productores: la predisposici\u00f3n a ocurrencia de problemas de phytophthora y las elevadas poblaciones de mosca de los frutos. Las condiciones clim\u00e1ticas y el estado de maduraci\u00f3n de las frutas c\u00edtricas predisponen la ocurrencia de problemas de phytophthora, hongo que crece en el [&hellip;]<\/p>\n","protected":false},"author":4,"featured_media":33443,"comment_status":"open","ping_status":"closed","sticky":false,"template":"","format":"standard","meta":{"om_disable_all_campaigns":false,"_jetpack_memberships_contains_paid_content":false,"footnotes":""},"categories":[101,2],"tags":[],"class_list":["post-33442","post","type-post","status-publish","format-standard","has-post-thumbnail","hentry","category-interes-general-locales","category-locales"],"aioseo_notices":[],"gutentor_comment":0,"jetpack_featured_media_url":"https:\/\/eldiariodesanpedro.com.ar\/sitio\/wp-content\/uploads\/2018\/05\/unnamed.jpg","jetpack_shortlink":"https:\/\/wp.me\/p6RhLt-8Ho","jetpack_sharing_enabled":true,"_links":{"self":[{"href":"https:\/\/eldiariodesanpedro.com.ar\/sitio\/wp-json\/wp\/v2\/posts\/33442","targetHints":{"allow":["GET"]}}],"collection":[{"href":"https:\/\/eldiariodesanpedro.com.ar\/sitio\/wp-json\/wp\/v2\/posts"}],"about":[{"href":"https:\/\/eldiariodesanpedro.com.ar\/sitio\/wp-json\/wp\/v2\/types\/post"}],"author":[{"embeddable":true,"href":"https:\/\/eldiariodesanpedro.com.ar\/sitio\/wp-json\/wp\/v2\/users\/4"}],"replies":[{"embeddable":true,"href":"https:\/\/eldiariodesanpedro.com.ar\/sitio\/wp-json\/wp\/v2\/comments?post=33442"}],"version-history":[{"count":1,"href":"https:\/\/eldiariodesanpedro.com.ar\/sitio\/wp-json\/wp\/v2\/posts\/33442\/revisions"}],"predecessor-version":[{"id":33444,"href":"https:\/\/eldiariodesanpedro.com.ar\/sitio\/wp-json\/wp\/v2\/posts\/33442\/revisions\/33444"}],"wp:featuredmedia":[{"embeddable":true,"href":"https:\/\/eldiariodesanpedro.com.ar\/sitio\/wp-json\/wp\/v2\/media\/33443"}],"wp:attachment":[{"href":"https:\/\/eldiariodesanpedro.com.ar\/sitio\/wp-json\/wp\/v2\/media?parent=33442"}],"wp:term":[{"taxonomy":"category","embeddable":true,"href":"https:\/\/eldiariodesanpedro.com.ar\/sitio\/wp-json\/wp\/v2\/categories?post=33442"},{"taxonomy":"post_tag","embeddable":true,"href":"https:\/\/eldiariodesanpedro.com.ar\/sitio\/wp-json\/wp\/v2\/tags?post=33442"}],"curies":[{"name":"wp","href":"https:\/\/api.w.org\/{rel}","templated":true}]}}