{"id":33438,"date":"2018-05-20T19:04:59","date_gmt":"2018-05-20T22:04:59","guid":{"rendered":"https:\/\/eldiariodesanpedro.com.ar\/sitio\/?p=33438"},"modified":"2018-05-20T19:10:15","modified_gmt":"2018-05-20T22:10:15","slug":"destacada-participacion-del-grupo-conservacionista-de-fosiles-en-las-xxxii-jornadas-argentinas-de-paleontologia","status":"publish","type":"post","link":"https:\/\/eldiariodesanpedro.com.ar\/sitio\/destacada-participacion-del-grupo-conservacionista-de-fosiles-en-las-xxxii-jornadas-argentinas-de-paleontologia\/","title":{"rendered":"Destacada participaci\u00f3n del grupo conservacionista de f\u00f3siles en las XXXII Jornadas Argentinas de Paleontolog\u00eda"},"content":{"rendered":"<p><!-- VideographyWP Plugin Message: Automatic video embedding prevented by plugin options. --><br \/>\nEntre el 14 y el 17 de mayo, la ciudad de Corrientes fue anfitriona de las XXXII Jornadas Argentinas de Paleontolog\u00eda, que se desarrollaron en las instalaciones de la Universidad Nacional del Nordeste.<br \/>\nEl Grupo Conservacionista de F\u00f3siles viaj\u00f3 hasta all\u00ed, invitado por la Comisi\u00f3n Organizadora para contar la experiencia acumulada en el desarrollo de museos y lugares tem\u00e1ticos en la ciudad de San Pedro, adem\u00e1s de realizar la presentaci\u00f3n de un novedoso f\u00f3sil descubierto recientemente.<\/p>\n<p>Representando al grupo viajaron Jos\u00e9 Luis Aguilar y Javier Saucedo, quienes fueron acompa\u00f1ados por el Dr. Luciano Brambilla, de la Universidad de Rosario y uno de sus colaboradores, el Sr. Santiago Pallero.<\/p>\n<p>La charla sobre el desarrollo de un Circuito Tem\u00e1tico en nuestra ciudad fue brindada por Aguilar, realizando un repaso por la creaci\u00f3n de diferentes \u00e1mbitos culturales en los \u00faltimos 15 a\u00f1os.<br \/>\nEl inter\u00e9s de los asistentes por conocer detalles del patrimonio cultural de los sampedrinos y la puesta en valor ideada por el equipo del Museo Paleontol\u00f3gico de nuestra ciudad hizo que la disertaci\u00f3n, pactada previamente en 40 minutos, se extendiera hasta 1 hora y 20 minutos de duraci\u00f3n.<\/p>\n<p>En otro momento de las jornadas, Brambilla dio a conocer detalles de un f\u00f3sil que aportar\u00e1 novedades en el estudio de los mam\u00edferos f\u00f3siles de la regi\u00f3n pampeana y que fuera hallado hace pocos meses en el predio de Tosquera San Pedro, a unos 4 kil\u00f3metros de la ciudad.<\/p>\n<p>Desde el equipo del Museo Paleontol\u00f3gico se agradece el acompa\u00f1amiento del Centro de Ecolog\u00eda Aplicada del Litoral (Corrientes) y del Sr. Intendente Municipal, Cecilio Salazar, que posibilitaron la participaci\u00f3n de los sampedrinos.<br \/>\nLa experiencia permiti\u00f3 al grupo incorporar nuevos contactos con hombres de ciencia de diferentes organismos y seguir consolid\u00e1ndose como referentes de la puesta en valor del patrimonio cultural en nuestra zona.<\/p>\n","protected":false},"excerpt":{"rendered":"<p>Entre el 14 y el 17 de mayo, la ciudad de Corrientes fue anfitriona de las XXXII Jornadas Argentinas de Paleontolog\u00eda, que se desarrollaron en las instalaciones de la Universidad Nacional del Nordeste. El Grupo Conservacionista de F\u00f3siles viaj\u00f3 hasta all\u00ed, invitado por la Comisi\u00f3n Organizadora para contar la experiencia acumulada en el desarrollo de [&hellip;]<\/p>\n","protected":false},"author":4,"featured_media":33439,"comment_status":"open","ping_status":"closed","sticky":false,"template":"","format":"standard","meta":{"om_disable_all_campaigns":false,"_jetpack_memberships_contains_paid_content":false,"footnotes":""},"categories":[101,2],"tags":[],"class_list":["post-33438","post","type-post","status-publish","format-standard","has-post-thumbnail","hentry","category-interes-general-locales","category-locales"],"aioseo_notices":[],"gutentor_comment":0,"jetpack_featured_media_url":"https:\/\/eldiariodesanpedro.com.ar\/sitio\/wp-content\/uploads\/2018\/05\/PAGINA-4-2.jpg","jetpack_shortlink":"https:\/\/wp.me\/p6RhLt-8Hk","jetpack_sharing_enabled":true,"_links":{"self":[{"href":"https:\/\/eldiariodesanpedro.com.ar\/sitio\/wp-json\/wp\/v2\/posts\/33438","targetHints":{"allow":["GET"]}}],"collection":[{"href":"https:\/\/eldiariodesanpedro.com.ar\/sitio\/wp-json\/wp\/v2\/posts"}],"about":[{"href":"https:\/\/eldiariodesanpedro.com.ar\/sitio\/wp-json\/wp\/v2\/types\/post"}],"author":[{"embeddable":true,"href":"https:\/\/eldiariodesanpedro.com.ar\/sitio\/wp-json\/wp\/v2\/users\/4"}],"replies":[{"embeddable":true,"href":"https:\/\/eldiariodesanpedro.com.ar\/sitio\/wp-json\/wp\/v2\/comments?post=33438"}],"version-history":[{"count":2,"href":"https:\/\/eldiariodesanpedro.com.ar\/sitio\/wp-json\/wp\/v2\/posts\/33438\/revisions"}],"predecessor-version":[{"id":33441,"href":"https:\/\/eldiariodesanpedro.com.ar\/sitio\/wp-json\/wp\/v2\/posts\/33438\/revisions\/33441"}],"wp:featuredmedia":[{"embeddable":true,"href":"https:\/\/eldiariodesanpedro.com.ar\/sitio\/wp-json\/wp\/v2\/media\/33439"}],"wp:attachment":[{"href":"https:\/\/eldiariodesanpedro.com.ar\/sitio\/wp-json\/wp\/v2\/media?parent=33438"}],"wp:term":[{"taxonomy":"category","embeddable":true,"href":"https:\/\/eldiariodesanpedro.com.ar\/sitio\/wp-json\/wp\/v2\/categories?post=33438"},{"taxonomy":"post_tag","embeddable":true,"href":"https:\/\/eldiariodesanpedro.com.ar\/sitio\/wp-json\/wp\/v2\/tags?post=33438"}],"curies":[{"name":"wp","href":"https:\/\/api.w.org\/{rel}","templated":true}]}}