{"id":33429,"date":"2018-05-18T20:17:50","date_gmt":"2018-05-18T23:17:50","guid":{"rendered":"https:\/\/eldiariodesanpedro.com.ar\/sitio\/?p=33429"},"modified":"2018-05-18T20:17:50","modified_gmt":"2018-05-18T23:17:50","slug":"chiarella-ratifico-que-no-dejaria-su-cargo","status":"publish","type":"post","link":"https:\/\/eldiariodesanpedro.com.ar\/sitio\/chiarella-ratifico-que-no-dejaria-su-cargo\/","title":{"rendered":"Chiarella ratific\u00f3 que no dejar\u00eda su cargo"},"content":{"rendered":"<p><!-- VideographyWP Plugin Message: Automatic video embedding prevented by plugin options. --><br \/>\nEl Diario de San Pedro entrevist\u00f3 a Karina Chiarella, Secretaria de Desarrollo Humano de San Pedro para conocer m\u00e1s detalles sobre los casos de desnutrici\u00f3n infantil conocidos estos \u00faltimos d\u00edas y, sobre c\u00f3mo se siente ante los reclamos de cierta parte de la ciudadan\u00eda.<\/p>\n<p>  Dos ni\u00f1os quedaron bajo la guarda del Hogar Gomendio al ser abandonados por su madre cuando se encontraban internados en el Hospital local por desnutrici\u00f3n.<br \/>\n  Chiarella cuenta que la familia viv\u00eda en Santa Luc\u00eda, los padres y 5 hijos. Hace m\u00e1s de un a\u00f1o trabajan con la familia desde la Secretar\u00eda de Desarrollo Humano en conjunto con el \u00e1rea de Asistencia Directa de la nombrada secretar\u00eda, el Servicio local de Ni\u00f1ez e, incluso hasta Gr\u00e1vida trabaj\u00f3 en un momento con ellos. \u201cTambi\u00e9n el Delegado de Santa Luc\u00eda estuvo trabajando supervisando, colaborando en conseguir un terreno y materiales para mejorar la vivienda precaria en la que viven, hasta que llegara la vivienda social tramitada con Desarrollo Social de Naci\u00f3n\u201d detall\u00f3.<br \/>\n  Explic\u00f3 que fue el \u00e1rea de salud quien inform\u00f3 la situaci\u00f3n de desnutrici\u00f3n de los dos ni\u00f1os, que ya hab\u00edan estado anteriormente varias veces internados en el Hospital de Santa Luc\u00eda. A partir de esto, se determin\u00f3 que de acuerdo a la situaci\u00f3n de los ni\u00f1os y despu\u00e9s de todos los intentos realizados, en conjunto con la madre, todos los servicios intervinientes en el caso y el Juzgado de Familia N\u00b0 2, la medida excepcional de abrigo en una instituci\u00f3n de salud hasta tanto estabilizaran su fr\u00e1gil estado de nutrici\u00f3n. Es por eso que permanecieron en el Hospital, siempre bajo supervisi\u00f3n y acompa\u00f1amiento de las distintas \u00e1reas municipales. Luego, quedaron bajo la guarda del Hogar Gomendio.<\/p>\n<p>  \u201cSon decisiones complicadas, no son decisiones que toma un solo profesional o un solo equipo. Se toman entre los equipos de todas las \u00e1reas y a veces, se recurre a niveles superiores como los provinciales para decidir. Adem\u00e1s, interviene tambi\u00e9n el Juzgado de Familia que es quien determinar\u00e1 al cuidado de qui\u00e9n quedar\u00e1n estos ni\u00f1os una vez superada esta etapa. Tanto los abuelos como el padre se mostraron interesados\u201d asegur\u00f3 la Secretaria.<br \/>\n  Por el momento los dos ni\u00f1os est\u00e1n en el Hogar Gomendio, sus tres hermanos est\u00e1n con sus abuelos y una t\u00eda y, el padre permanece en Santa Luc\u00eda. La mam\u00e1 se fue. Los ni\u00f1os deben ser escuchados y se debe tener en cuenta su inter\u00e9s, luego el Juzgado determina qu\u00e9 es lo mejor para ellos. <\/p>\n<p>  En cuanto a los comentarios negativos sobre su gesti\u00f3n y la existencia de gente molesta, Karina se siente dolida y cree que es injusto e ingrato que le pidan la renuncia y, asegura que renunciar no es una posibilidad.<\/p>\n<p>  Ella explica que, junto a su equipo, trabaja arduamente todos los d\u00edas. \u201cSiempre estamos en comunicaci\u00f3n, incluso cuando estuve de licencia, trabaj\u00e9 desde mi casa coordinando el servicio de asistencia a aquellos que estaban complicados con las lluvias\u201d. Hay mucho trabajo que no se ve y no se cuenta, manifiesta Chiarella. <\/p>\n<p>  \u201cSe articula constantemente con todas las \u00e1reas y con todas las localidades, se trata de ayudar a la gente para que pueda planificar su vida y, se asiste en las situaciones de emergencia. Todos los d\u00edas salimos a hacer domicilios\u201d detall\u00f3.<\/p>\n<p>  Ella asegura que \u201cEl desconocimiento de nuestro trabajo es lo que hace que se crea que no se hace. No podemos informar constantemente sobre nuestro trabajo y muchas veces, debemos resguardar la privacidad de las familias\u201d.<\/p>\n","protected":false},"excerpt":{"rendered":"<p>El Diario de San Pedro entrevist\u00f3 a Karina Chiarella, Secretaria de Desarrollo Humano de San Pedro para conocer m\u00e1s detalles sobre los casos de desnutrici\u00f3n infantil conocidos estos \u00faltimos d\u00edas y, sobre c\u00f3mo se siente ante los reclamos de cierta parte de la ciudadan\u00eda. Dos ni\u00f1os quedaron bajo la guarda del Hogar Gomendio al ser [&hellip;]<\/p>\n","protected":false},"author":4,"featured_media":33430,"comment_status":"open","ping_status":"closed","sticky":false,"template":"","format":"standard","meta":{"om_disable_all_campaigns":false,"_jetpack_memberships_contains_paid_content":false,"footnotes":""},"categories":[2,102],"tags":[],"class_list":["post-33429","post","type-post","status-publish","format-standard","has-post-thumbnail","hentry","category-locales","category-politica-locales"],"aioseo_notices":[],"gutentor_comment":0,"jetpack_featured_media_url":"https:\/\/eldiariodesanpedro.com.ar\/sitio\/wp-content\/uploads\/2018\/05\/Karina-Chiarella-Secretaria-de-Desarrollo-Humano.jpg","jetpack_shortlink":"https:\/\/wp.me\/p6RhLt-8Hb","jetpack_sharing_enabled":true,"_links":{"self":[{"href":"https:\/\/eldiariodesanpedro.com.ar\/sitio\/wp-json\/wp\/v2\/posts\/33429","targetHints":{"allow":["GET"]}}],"collection":[{"href":"https:\/\/eldiariodesanpedro.com.ar\/sitio\/wp-json\/wp\/v2\/posts"}],"about":[{"href":"https:\/\/eldiariodesanpedro.com.ar\/sitio\/wp-json\/wp\/v2\/types\/post"}],"author":[{"embeddable":true,"href":"https:\/\/eldiariodesanpedro.com.ar\/sitio\/wp-json\/wp\/v2\/users\/4"}],"replies":[{"embeddable":true,"href":"https:\/\/eldiariodesanpedro.com.ar\/sitio\/wp-json\/wp\/v2\/comments?post=33429"}],"version-history":[{"count":1,"href":"https:\/\/eldiariodesanpedro.com.ar\/sitio\/wp-json\/wp\/v2\/posts\/33429\/revisions"}],"predecessor-version":[{"id":33432,"href":"https:\/\/eldiariodesanpedro.com.ar\/sitio\/wp-json\/wp\/v2\/posts\/33429\/revisions\/33432"}],"wp:featuredmedia":[{"embeddable":true,"href":"https:\/\/eldiariodesanpedro.com.ar\/sitio\/wp-json\/wp\/v2\/media\/33430"}],"wp:attachment":[{"href":"https:\/\/eldiariodesanpedro.com.ar\/sitio\/wp-json\/wp\/v2\/media?parent=33429"}],"wp:term":[{"taxonomy":"category","embeddable":true,"href":"https:\/\/eldiariodesanpedro.com.ar\/sitio\/wp-json\/wp\/v2\/categories?post=33429"},{"taxonomy":"post_tag","embeddable":true,"href":"https:\/\/eldiariodesanpedro.com.ar\/sitio\/wp-json\/wp\/v2\/tags?post=33429"}],"curies":[{"name":"wp","href":"https:\/\/api.w.org\/{rel}","templated":true}]}}