{"id":33413,"date":"2018-05-18T19:32:05","date_gmt":"2018-05-18T22:32:05","guid":{"rendered":"https:\/\/eldiariodesanpedro.com.ar\/sitio\/?p=33413"},"modified":"2018-05-18T19:32:05","modified_gmt":"2018-05-18T22:32:05","slug":"zarate-un-caballo-cruzo-la-ruta-y-produjo-un-choque-multiple-frente-a-toyota","status":"publish","type":"post","link":"https:\/\/eldiariodesanpedro.com.ar\/sitio\/zarate-un-caballo-cruzo-la-ruta-y-produjo-un-choque-multiple-frente-a-toyota\/","title":{"rendered":"Z\u00c1RATE: Un caballo cruz\u00f3 la ruta y produjo un choque m\u00faltiple frente a Toyota"},"content":{"rendered":"<p><!-- VideographyWP Plugin Message: Automatic video embedding prevented by plugin options. --><br \/>\n  Un Volkswagen Saveiro embisti\u00f3 este jueves por la tarde a un caballo que cruz\u00f3 la Ruta N\u00b0 12 a la altura de la planta Toyota de Z\u00e1rate. Otro autom\u00f3vil que ven\u00eda detr\u00e1s tambi\u00e9n se vio involucrado en el siniestro.<\/p>\n<p>  Ambos veh\u00edculos terminaron da\u00f1ados y el animal muerto sobre el asfalto. Los heridos fueron atendidos por una ambulancia de Semzar.<\/p>\n<p>  Pasadas las 19:45 hs. fue liberada la calzada por parte del Comando Patrulla y el tr\u00e1nsito volvi\u00f3 a fluir con normalidad.<\/p>\n<p>Fuente: Enlace Cr\u00edtico<\/p>\n","protected":false},"excerpt":{"rendered":"<p>Un Volkswagen Saveiro embisti\u00f3 este jueves por la tarde a un caballo que cruz\u00f3 la Ruta N\u00b0 12 a la altura de la planta Toyota de Z\u00e1rate. Otro autom\u00f3vil que ven\u00eda detr\u00e1s tambi\u00e9n se vio involucrado en el siniestro. Ambos veh\u00edculos terminaron da\u00f1ados y el animal muerto sobre el asfalto. Los heridos fueron atendidos por [&hellip;]<\/p>\n","protected":false},"author":4,"featured_media":33415,"comment_status":"open","ping_status":"closed","sticky":false,"template":"","format":"standard","meta":{"om_disable_all_campaigns":false,"_jetpack_memberships_contains_paid_content":false,"footnotes":""},"categories":[621],"tags":[],"class_list":["post-33413","post","type-post","status-publish","format-standard","has-post-thumbnail","hentry","category-regionales"],"aioseo_notices":[],"gutentor_comment":0,"jetpack_featured_media_url":"https:\/\/eldiariodesanpedro.com.ar\/sitio\/wp-content\/uploads\/2018\/05\/Ambos-veh\u00edculos-terminaron-da\u00f1ados-y-el-animal-muerto.jpg","jetpack_shortlink":"https:\/\/wp.me\/p6RhLt-8GV","jetpack_sharing_enabled":true,"_links":{"self":[{"href":"https:\/\/eldiariodesanpedro.com.ar\/sitio\/wp-json\/wp\/v2\/posts\/33413","targetHints":{"allow":["GET"]}}],"collection":[{"href":"https:\/\/eldiariodesanpedro.com.ar\/sitio\/wp-json\/wp\/v2\/posts"}],"about":[{"href":"https:\/\/eldiariodesanpedro.com.ar\/sitio\/wp-json\/wp\/v2\/types\/post"}],"author":[{"embeddable":true,"href":"https:\/\/eldiariodesanpedro.com.ar\/sitio\/wp-json\/wp\/v2\/users\/4"}],"replies":[{"embeddable":true,"href":"https:\/\/eldiariodesanpedro.com.ar\/sitio\/wp-json\/wp\/v2\/comments?post=33413"}],"version-history":[{"count":1,"href":"https:\/\/eldiariodesanpedro.com.ar\/sitio\/wp-json\/wp\/v2\/posts\/33413\/revisions"}],"predecessor-version":[{"id":33417,"href":"https:\/\/eldiariodesanpedro.com.ar\/sitio\/wp-json\/wp\/v2\/posts\/33413\/revisions\/33417"}],"wp:featuredmedia":[{"embeddable":true,"href":"https:\/\/eldiariodesanpedro.com.ar\/sitio\/wp-json\/wp\/v2\/media\/33415"}],"wp:attachment":[{"href":"https:\/\/eldiariodesanpedro.com.ar\/sitio\/wp-json\/wp\/v2\/media?parent=33413"}],"wp:term":[{"taxonomy":"category","embeddable":true,"href":"https:\/\/eldiariodesanpedro.com.ar\/sitio\/wp-json\/wp\/v2\/categories?post=33413"},{"taxonomy":"post_tag","embeddable":true,"href":"https:\/\/eldiariodesanpedro.com.ar\/sitio\/wp-json\/wp\/v2\/tags?post=33413"}],"curies":[{"name":"wp","href":"https:\/\/api.w.org\/{rel}","templated":true}]}}