{"id":33412,"date":"2018-05-18T19:31:03","date_gmt":"2018-05-18T22:31:03","guid":{"rendered":"https:\/\/eldiariodesanpedro.com.ar\/sitio\/?p=33412"},"modified":"2018-05-18T19:31:03","modified_gmt":"2018-05-18T22:31:03","slug":"baradero-acusan-de-persecucion-politica-a-la-intendente-de-baradero","status":"publish","type":"post","link":"https:\/\/eldiariodesanpedro.com.ar\/sitio\/baradero-acusan-de-persecucion-politica-a-la-intendente-de-baradero\/","title":{"rendered":"BARADERO: Acusan de persecuci\u00f3n pol\u00edtica a la Intendente de Baradero"},"content":{"rendered":"<p><!-- VideographyWP Plugin Message: Automatic video embedding prevented by plugin options. --><br \/>\nConcejales de Unidad Ciudadana aseguran que el responsable de Defensa Civil no cuenta con un auto para movilizarse en el cumplimiento de sus funciones. Sostienen que es porque el funcionario viene de gestiones anteriores, de otro signo pol\u00edtico.<\/p>\n<p>  La temperatura en el Concejo Deliberante de Baradero fue subiendo de manera gradual, llegando por estos d\u00edas a una pirotecnia verbal que tiene como objetivo la gesti\u00f3n de la intendenta, Fernanda Antonijevic.<\/p>\n<p>  La jefa comunal de Cambiemos fue duramente criticada por los ediles de Unidad Ciudadana, quienes la acusaron de \u00abcopiar en la ciudad las barbaridades del macrismo, como la persecuci\u00f3n\u00bb, luego de conocerse que el responsable del \u00e1rea de Defensa Civil no tiene un veh\u00edculo oficial para realizar sus tareas de salvataje\u00bb.<\/p>\n<p>  Uno de los m\u00e1s duros fue el concejal Guillermo Oliveri, quien asegur\u00f3 que \u201ccuando te enter\u00e1s que el director del \u00e1rea de Defensa Civil, no tiene un veh\u00edculo para hacer las tareas de salvataje como coordinador, se tiene que pagar un remis, es una verg\u00fcenza\u201d.<\/p>\n<p>Los ediles opositores sostienen que se trata de un caso de persecuci\u00f3n pol\u00edtica hacia el funcionario -Oscar Pellegrini- porque el mismo viene de gestiones anteriores.<\/p>\n<p>  \u201cLamentablemente, que el funcionario haya pasado dos administraciones y que haya estado en otras gestiones de otro signo pol\u00edtico. Parece que algunos funcionarios del actual gobierno, que dicen ser tan republicanos les cae mal. As\u00ed que los desplazan o no le dan los elementos necesarios\u00bb, explic\u00f3 Oliveri.<\/p>\n<p>  El concejal kirchnerista a\u00f1adi\u00f3: \u00abAs\u00ed que los republicanos son los que terminan estigmatizando a aquellas personas que cumplen bien sus funciones, y no como algunos funcionarios que se han ido \u00faltimamente que cumplen una hora y que no se los ve\u00eda trabajar, y que despu\u00e9s terminan poniendo empresas en otro lado\u201d.<\/p>\n<p>Fuente: La Tecla<\/p>\n","protected":false},"excerpt":{"rendered":"<p>Concejales de Unidad Ciudadana aseguran que el responsable de Defensa Civil no cuenta con un auto para movilizarse en el cumplimiento de sus funciones. Sostienen que es porque el funcionario viene de gestiones anteriores, de otro signo pol\u00edtico. La temperatura en el Concejo Deliberante de Baradero fue subiendo de manera gradual, llegando por estos d\u00edas [&hellip;]<\/p>\n","protected":false},"author":4,"featured_media":14040,"comment_status":"open","ping_status":"closed","sticky":false,"template":"","format":"standard","meta":{"om_disable_all_campaigns":false,"_jetpack_memberships_contains_paid_content":false,"footnotes":""},"categories":[621],"tags":[],"class_list":["post-33412","post","type-post","status-publish","format-standard","has-post-thumbnail","hentry","category-regionales"],"aioseo_notices":[],"gutentor_comment":0,"jetpack_featured_media_url":"https:\/\/eldiariodesanpedro.com.ar\/sitio\/wp-content\/uploads\/2017\/02\/ernanda-Antonijevic-intendenta-de-Baradero.jpg","jetpack_shortlink":"https:\/\/wp.me\/p6RhLt-8GU","jetpack_sharing_enabled":true,"_links":{"self":[{"href":"https:\/\/eldiariodesanpedro.com.ar\/sitio\/wp-json\/wp\/v2\/posts\/33412","targetHints":{"allow":["GET"]}}],"collection":[{"href":"https:\/\/eldiariodesanpedro.com.ar\/sitio\/wp-json\/wp\/v2\/posts"}],"about":[{"href":"https:\/\/eldiariodesanpedro.com.ar\/sitio\/wp-json\/wp\/v2\/types\/post"}],"author":[{"embeddable":true,"href":"https:\/\/eldiariodesanpedro.com.ar\/sitio\/wp-json\/wp\/v2\/users\/4"}],"replies":[{"embeddable":true,"href":"https:\/\/eldiariodesanpedro.com.ar\/sitio\/wp-json\/wp\/v2\/comments?post=33412"}],"version-history":[{"count":2,"href":"https:\/\/eldiariodesanpedro.com.ar\/sitio\/wp-json\/wp\/v2\/posts\/33412\/revisions"}],"predecessor-version":[{"id":33416,"href":"https:\/\/eldiariodesanpedro.com.ar\/sitio\/wp-json\/wp\/v2\/posts\/33412\/revisions\/33416"}],"wp:featuredmedia":[{"embeddable":true,"href":"https:\/\/eldiariodesanpedro.com.ar\/sitio\/wp-json\/wp\/v2\/media\/14040"}],"wp:attachment":[{"href":"https:\/\/eldiariodesanpedro.com.ar\/sitio\/wp-json\/wp\/v2\/media?parent=33412"}],"wp:term":[{"taxonomy":"category","embeddable":true,"href":"https:\/\/eldiariodesanpedro.com.ar\/sitio\/wp-json\/wp\/v2\/categories?post=33412"},{"taxonomy":"post_tag","embeddable":true,"href":"https:\/\/eldiariodesanpedro.com.ar\/sitio\/wp-json\/wp\/v2\/tags?post=33412"}],"curies":[{"name":"wp","href":"https:\/\/api.w.org\/{rel}","templated":true}]}}