{"id":33409,"date":"2018-05-18T19:28:58","date_gmt":"2018-05-18T22:28:58","guid":{"rendered":"https:\/\/eldiariodesanpedro.com.ar\/sitio\/?p=33409"},"modified":"2018-05-18T19:28:58","modified_gmt":"2018-05-18T22:28:58","slug":"ramallo-concejales-de-cambiemos-apoyaron-el-acuerdo-con-el-fmi","status":"publish","type":"post","link":"https:\/\/eldiariodesanpedro.com.ar\/sitio\/ramallo-concejales-de-cambiemos-apoyaron-el-acuerdo-con-el-fmi\/","title":{"rendered":"RAMALLO: Concejales de Cambiemos apoyaron el acuerdo con el FMI"},"content":{"rendered":"<p><!-- VideographyWP Plugin Message: Automatic video embedding prevented by plugin options. --><br \/>\nSin argumentos que sustentaran la decisi\u00f3n, el bloque de la Alianza Cambiemos voto negativamente el rechazo al acuerdo de Gobierno Nacional hiciera con el FMI. El proyecto hab\u00eda sido presentando por la edil Silvia Di Bacco, y conto con el acompa\u00f1amiento de Unidad Ciudadana y Un Pa\u00eds. La votaci\u00f3n termino en empate, y el presidente Sergio Costoya defini\u00f3 por la negativa.<\/p>\n<p>  Es costumbre para esta composici\u00f3n del Concejo Deliberante que, ante cada proyecto presentado, repudiando o rechazando alguna decisi\u00f3n del Gobierno Nacional o Provincial, la alianza Radical y del PRO, devenida en Cambiemos, vote negativamente.<\/p>\n<p>  En esta oportunidad fue el acuerdo con el Fondo Monetario Internacional. Es largamente conocida la historia de las intervenciones del FMI en la econom\u00eda argentina, con sus pol\u00edticas de ajuste permanente. La corrida bancaria y la magra capacidad del gobierno de Macri hicieron que debiera pedir un cr\u00e9dito al FMI para sostener la moneda local.<\/p>\n<p>  Desde el Concejo Deliberante se dispuso a sostener una postura ante este hecho, y en sinton\u00eda con el com\u00fan denominador del pueblo argentino, se present\u00f3 un proyecto de resoluci\u00f3n para rechazar el acuerdo.<br \/>\n  Pero la mezquindad pol\u00edtica de Cambiemos lo vot\u00f3 en contra. Sin dar explicaciones del motivo. Otra muestra m\u00e1s de la obsecuencia de los dirigentes locales ante la necesidad de quedar bien con la provincia o naci\u00f3n.<\/p>\n","protected":false},"excerpt":{"rendered":"<p>Sin argumentos que sustentaran la decisi\u00f3n, el bloque de la Alianza Cambiemos voto negativamente el rechazo al acuerdo de Gobierno Nacional hiciera con el FMI. El proyecto hab\u00eda sido presentando por la edil Silvia Di Bacco, y conto con el acompa\u00f1amiento de Unidad Ciudadana y Un Pa\u00eds. La votaci\u00f3n termino en empate, y el presidente [&hellip;]<\/p>\n","protected":false},"author":4,"featured_media":33410,"comment_status":"open","ping_status":"closed","sticky":false,"template":"","format":"standard","meta":{"om_disable_all_campaigns":false,"_jetpack_memberships_contains_paid_content":false,"footnotes":""},"categories":[621],"tags":[],"class_list":["post-33409","post","type-post","status-publish","format-standard","has-post-thumbnail","hentry","category-regionales"],"aioseo_notices":[],"gutentor_comment":0,"jetpack_featured_media_url":"https:\/\/eldiariodesanpedro.com.ar\/sitio\/wp-content\/uploads\/2018\/05\/El-bloque-de-Cambiemos-del-HCD-de-Ramallo.jpg","jetpack_shortlink":"https:\/\/wp.me\/p6RhLt-8GR","jetpack_sharing_enabled":true,"_links":{"self":[{"href":"https:\/\/eldiariodesanpedro.com.ar\/sitio\/wp-json\/wp\/v2\/posts\/33409","targetHints":{"allow":["GET"]}}],"collection":[{"href":"https:\/\/eldiariodesanpedro.com.ar\/sitio\/wp-json\/wp\/v2\/posts"}],"about":[{"href":"https:\/\/eldiariodesanpedro.com.ar\/sitio\/wp-json\/wp\/v2\/types\/post"}],"author":[{"embeddable":true,"href":"https:\/\/eldiariodesanpedro.com.ar\/sitio\/wp-json\/wp\/v2\/users\/4"}],"replies":[{"embeddable":true,"href":"https:\/\/eldiariodesanpedro.com.ar\/sitio\/wp-json\/wp\/v2\/comments?post=33409"}],"version-history":[{"count":1,"href":"https:\/\/eldiariodesanpedro.com.ar\/sitio\/wp-json\/wp\/v2\/posts\/33409\/revisions"}],"predecessor-version":[{"id":33411,"href":"https:\/\/eldiariodesanpedro.com.ar\/sitio\/wp-json\/wp\/v2\/posts\/33409\/revisions\/33411"}],"wp:featuredmedia":[{"embeddable":true,"href":"https:\/\/eldiariodesanpedro.com.ar\/sitio\/wp-json\/wp\/v2\/media\/33410"}],"wp:attachment":[{"href":"https:\/\/eldiariodesanpedro.com.ar\/sitio\/wp-json\/wp\/v2\/media?parent=33409"}],"wp:term":[{"taxonomy":"category","embeddable":true,"href":"https:\/\/eldiariodesanpedro.com.ar\/sitio\/wp-json\/wp\/v2\/categories?post=33409"},{"taxonomy":"post_tag","embeddable":true,"href":"https:\/\/eldiariodesanpedro.com.ar\/sitio\/wp-json\/wp\/v2\/tags?post=33409"}],"curies":[{"name":"wp","href":"https:\/\/api.w.org\/{rel}","templated":true}]}}