{"id":33404,"date":"2018-05-18T19:27:05","date_gmt":"2018-05-18T22:27:05","guid":{"rendered":"https:\/\/eldiariodesanpedro.com.ar\/sitio\/?p=33404"},"modified":"2018-05-18T19:27:05","modified_gmt":"2018-05-18T22:27:05","slug":"arrecifes-olaeta-volvio-infanteria-a-pedido-nuestro","status":"publish","type":"post","link":"https:\/\/eldiariodesanpedro.com.ar\/sitio\/arrecifes-olaeta-volvio-infanteria-a-pedido-nuestro\/","title":{"rendered":"ARRECIFES, Olaeta: \u201cVolvi\u00f3 Infanter\u00eda a pedido nuestro\u201d"},"content":{"rendered":"<p><!-- VideographyWP Plugin Message: Automatic video embedding prevented by plugin options. --><br \/>\nEl intendente Javier Olaeta afirm\u00f3 que \u201cla fuerza de Infanter\u00eda est\u00e1 trabajando nuevamente en Arrecifes a pedido nuestro. Debo agradecerle al Ministro de Seguridad bonaerense, Cristian Ritondo, que accedi\u00f3 de inmediato cuando se lo solicit\u00e9\u201d.<\/p>\n<p>  Sobre los motivos por los cuales volvi\u00f3 a pedir por Infanter\u00eda, el jefe comunal explic\u00f3: \u201cNo se debe a ning\u00fan hecho en particular, pero en materia de seguridad es importante la prevenci\u00f3n y uno va viendo lo que ocurre en ciudades vecinas, como Pergamino o San Pedro, por ejemplo, en las que la situaci\u00f3n est\u00e1 bastante complicada, y no queremos que eso se traslade a Arrecifes\u201d.<\/p>\n<p>  Y aclar\u00f3 que \u201cInfanter\u00eda va a acentuar su presencia en los barrios, en un nuevo sistema de prevenci\u00f3n que se est\u00e1 diagramando junto a la Secretar\u00eda de Seguridad y la Estaci\u00f3n de Polic\u00eda Comunal\u201d.<\/p>\n<p>Fuente: Arrecifes Noticias<\/p>\n","protected":false},"excerpt":{"rendered":"<p>El intendente Javier Olaeta afirm\u00f3 que \u201cla fuerza de Infanter\u00eda est\u00e1 trabajando nuevamente en Arrecifes a pedido nuestro. Debo agradecerle al Ministro de Seguridad bonaerense, Cristian Ritondo, que accedi\u00f3 de inmediato cuando se lo solicit\u00e9\u201d. Sobre los motivos por los cuales volvi\u00f3 a pedir por Infanter\u00eda, el jefe comunal explic\u00f3: \u201cNo se debe a ning\u00fan [&hellip;]<\/p>\n","protected":false},"author":4,"featured_media":33407,"comment_status":"open","ping_status":"closed","sticky":false,"template":"","format":"standard","meta":{"om_disable_all_campaigns":false,"_jetpack_memberships_contains_paid_content":false,"footnotes":""},"categories":[621],"tags":[],"class_list":["post-33404","post","type-post","status-publish","format-standard","has-post-thumbnail","hentry","category-regionales"],"aioseo_notices":[],"gutentor_comment":0,"jetpack_featured_media_url":"https:\/\/eldiariodesanpedro.com.ar\/sitio\/wp-content\/uploads\/2018\/05\/Infanteria.jpg","jetpack_shortlink":"https:\/\/wp.me\/p6RhLt-8GM","jetpack_sharing_enabled":true,"_links":{"self":[{"href":"https:\/\/eldiariodesanpedro.com.ar\/sitio\/wp-json\/wp\/v2\/posts\/33404","targetHints":{"allow":["GET"]}}],"collection":[{"href":"https:\/\/eldiariodesanpedro.com.ar\/sitio\/wp-json\/wp\/v2\/posts"}],"about":[{"href":"https:\/\/eldiariodesanpedro.com.ar\/sitio\/wp-json\/wp\/v2\/types\/post"}],"author":[{"embeddable":true,"href":"https:\/\/eldiariodesanpedro.com.ar\/sitio\/wp-json\/wp\/v2\/users\/4"}],"replies":[{"embeddable":true,"href":"https:\/\/eldiariodesanpedro.com.ar\/sitio\/wp-json\/wp\/v2\/comments?post=33404"}],"version-history":[{"count":1,"href":"https:\/\/eldiariodesanpedro.com.ar\/sitio\/wp-json\/wp\/v2\/posts\/33404\/revisions"}],"predecessor-version":[{"id":33408,"href":"https:\/\/eldiariodesanpedro.com.ar\/sitio\/wp-json\/wp\/v2\/posts\/33404\/revisions\/33408"}],"wp:featuredmedia":[{"embeddable":true,"href":"https:\/\/eldiariodesanpedro.com.ar\/sitio\/wp-json\/wp\/v2\/media\/33407"}],"wp:attachment":[{"href":"https:\/\/eldiariodesanpedro.com.ar\/sitio\/wp-json\/wp\/v2\/media?parent=33404"}],"wp:term":[{"taxonomy":"category","embeddable":true,"href":"https:\/\/eldiariodesanpedro.com.ar\/sitio\/wp-json\/wp\/v2\/categories?post=33404"},{"taxonomy":"post_tag","embeddable":true,"href":"https:\/\/eldiariodesanpedro.com.ar\/sitio\/wp-json\/wp\/v2\/tags?post=33404"}],"curies":[{"name":"wp","href":"https:\/\/api.w.org\/{rel}","templated":true}]}}