{"id":33403,"date":"2018-05-18T19:26:11","date_gmt":"2018-05-18T22:26:11","guid":{"rendered":"https:\/\/eldiariodesanpedro.com.ar\/sitio\/?p=33403"},"modified":"2018-05-18T19:26:11","modified_gmt":"2018-05-18T22:26:11","slug":"san-nicolas-16-allanamientos-por-venta-de-droga-en-seis-barrios-de-la-ciudad","status":"publish","type":"post","link":"https:\/\/eldiariodesanpedro.com.ar\/sitio\/san-nicolas-16-allanamientos-por-venta-de-droga-en-seis-barrios-de-la-ciudad\/","title":{"rendered":"SAN NICOL\u00c1S: 16 allanamientos por venta de droga en seis barrios de la ciudad"},"content":{"rendered":"<p><!-- VideographyWP Plugin Message: Automatic video embedding prevented by plugin options. --><br \/>\nEn un mega operativo llevado adelante por la Fiscal\u00eda N\u00ba 1 a cargo de la Dr. Ver\u00f3nica Marcantonio y la Polic\u00eda Federal, se realizaron un total de 16 allanamientos en San Nicol\u00e1s entre la noche del jueves y la madrugada de este viernes.<\/p>\n<p>  Los procedimientos se concretaron en domicilio particulares, en el marco de tres causas por venta de droga. La investigaci\u00f3n comenz\u00f3 con una denuncia que data del a\u00f1o 2017 iniciada por la Polic\u00eda Federal.<\/p>\n<p>  Hace tres meses, se ampli\u00f3 la causa al recibirse un sobre an\u00f3nimo en la Fiscal\u00eda General que daba cuenta de otras personas que se dedicaban a la comercializaci\u00f3n de estupefacientes en nuestra localidad. A partir de entonces, se decidi\u00f3 trabajar en conjunto logr\u00e1ndose la recopilaci\u00f3n de informaci\u00f3n, testimonios y elementos que fueron dando consistencia a las denuncias.<\/p>\n<p>  En la noche de este jueves 18 de mayo, con el apoyo de las fuerzas policiales de la provincia de Buenos Aires, se cumplimentaron tres allanamientos y en la madrugada de hoy continuaron con 13 m\u00e1s.<\/p>\n<p>  Las diligencias tuvieron lugar en barrio 7 de Septiembre, Tr\u00edpoli, 12 de Marzo, Del Carmen, IVBA, Cavalli.<br \/>\n  La Dra. Ver\u00f3nica Marcantonio en di\u00e1logo con RadioNet 95.7 afirm\u00f3 que los resultados fueron altamente positivos. Cont\u00f3 que se secuestr\u00f3 marihuana, coca\u00edna, balanzas y otros elementos utilizados para la comercializaci\u00f3n de drogas.<\/p>\n<p>  Hasta el momento, hay dos detenidos y 5 aprehendidos, seis de ellos hombres y una mujer. Se determin\u00f3 que la mayor\u00eda ofrec\u00eda un servicio de delivery, evit\u00e1ndose los encuentros en el lugar donde se cocinaba el negocio.<br \/>\n  Hasta el momento y de acuerdo a los elementos obtenidos, no habr\u00eda vinculaci\u00f3n en la actividad realizada en los diferentes barrios. No obstante, se proceder\u00e1 al an\u00e1lisis de los nuevos elementos incautados, como agendas y celulares, para cerrar el c\u00edrculo.<\/p>\n<p>Fuente: Diario El Informante<\/p>\n","protected":false},"excerpt":{"rendered":"<p>En un mega operativo llevado adelante por la Fiscal\u00eda N\u00ba 1 a cargo de la Dr. Ver\u00f3nica Marcantonio y la Polic\u00eda Federal, se realizaron un total de 16 allanamientos en San Nicol\u00e1s entre la noche del jueves y la madrugada de este viernes. Los procedimientos se concretaron en domicilio particulares, en el marco de tres [&hellip;]<\/p>\n","protected":false},"author":4,"featured_media":33405,"comment_status":"open","ping_status":"closed","sticky":false,"template":"","format":"standard","meta":{"om_disable_all_campaigns":false,"_jetpack_memberships_contains_paid_content":false,"footnotes":""},"categories":[621],"tags":[],"class_list":["post-33403","post","type-post","status-publish","format-standard","has-post-thumbnail","hentry","category-regionales"],"aioseo_notices":[],"gutentor_comment":0,"jetpack_featured_media_url":"https:\/\/eldiariodesanpedro.com.ar\/sitio\/wp-content\/uploads\/2018\/05\/Dr.-Ver\u00f3nica-Marcantonio.jpg","jetpack_shortlink":"https:\/\/wp.me\/p6RhLt-8GL","jetpack_sharing_enabled":true,"_links":{"self":[{"href":"https:\/\/eldiariodesanpedro.com.ar\/sitio\/wp-json\/wp\/v2\/posts\/33403","targetHints":{"allow":["GET"]}}],"collection":[{"href":"https:\/\/eldiariodesanpedro.com.ar\/sitio\/wp-json\/wp\/v2\/posts"}],"about":[{"href":"https:\/\/eldiariodesanpedro.com.ar\/sitio\/wp-json\/wp\/v2\/types\/post"}],"author":[{"embeddable":true,"href":"https:\/\/eldiariodesanpedro.com.ar\/sitio\/wp-json\/wp\/v2\/users\/4"}],"replies":[{"embeddable":true,"href":"https:\/\/eldiariodesanpedro.com.ar\/sitio\/wp-json\/wp\/v2\/comments?post=33403"}],"version-history":[{"count":1,"href":"https:\/\/eldiariodesanpedro.com.ar\/sitio\/wp-json\/wp\/v2\/posts\/33403\/revisions"}],"predecessor-version":[{"id":33406,"href":"https:\/\/eldiariodesanpedro.com.ar\/sitio\/wp-json\/wp\/v2\/posts\/33403\/revisions\/33406"}],"wp:featuredmedia":[{"embeddable":true,"href":"https:\/\/eldiariodesanpedro.com.ar\/sitio\/wp-json\/wp\/v2\/media\/33405"}],"wp:attachment":[{"href":"https:\/\/eldiariodesanpedro.com.ar\/sitio\/wp-json\/wp\/v2\/media?parent=33403"}],"wp:term":[{"taxonomy":"category","embeddable":true,"href":"https:\/\/eldiariodesanpedro.com.ar\/sitio\/wp-json\/wp\/v2\/categories?post=33403"},{"taxonomy":"post_tag","embeddable":true,"href":"https:\/\/eldiariodesanpedro.com.ar\/sitio\/wp-json\/wp\/v2\/tags?post=33403"}],"curies":[{"name":"wp","href":"https:\/\/api.w.org\/{rel}","templated":true}]}}